{"id":11365,"date":"2021-03-18T14:46:22","date_gmt":"2021-03-18T14:46:22","guid":{"rendered":"http:\/\/tacambaro.gob.mx\/?p=11365"},"modified":"2023-09-05T17:32:10","modified_gmt":"2023-09-05T17:32:10","slug":"conmemoran-en-tacambaro-83-aniversario-de-la-expropiacion-petrolera","status":"publish","type":"post","link":"https:\/\/tacambaro.gob.mx\/?p=11365","title":{"rendered":"<h3><span style=\"color: #DAA520;\">   Conmemoran en Tac\u00e1mbaro 83 aniversario de la Expropiaci\u00f3n Petrolera.  <\/span><\/h3>"},"content":{"rendered":"\n<li>El Encargado de Despacho de Presidencia, Dr. Jos\u00e9 Trinidad G\u00f3mez S\u00e1nchez, reconoci\u00f3 el legado del General L\u00e1zaro C\u00e1rdenas del R\u00edo a los mexicanos.<\/li>\n<p>   El Encargado del Despacho de Presidencia, Dr. Jos\u00e9 Trinidad G\u00f3mez S\u00e1nchez, reconoci\u00f3 el legado del General L\u00e1zaro C\u00e1rdenas del R\u00edo a los mexicanos al llevar a cabo la Expropiaci\u00f3n Petrolera el 18 de Marzo de 1938, \u201ccon tal haza\u00f1a creo la posibilidad de un M\u00e9xico m\u00e1s pr\u00f3spero y m\u00e1s soberano, fue capaz de unir  a los mexicanos y de tratar de compartir sus riquezas\u201d.<\/p>\n<p><img decoding=\"async\" src=\"http:\/\/tacambaro.gob.mx\/wp-content\/uploads\/2021\/04\/DSCN9400.jpg\" alt=\"\" \/><\/p>\n<p>   Durante el acto c\u00edvico que se efectu\u00f3 en la plaza que lleva el mismo nombre del General, el tambi\u00e9n Secretario Municipal reconoci\u00f3 que L\u00e1zaro C\u00e1rdenas siempre se manifest\u00f3 por impulsar mejores condiciones de vida de los obreros y para que se respetaran sus derechos, realizando en 1938 la Expropiaci\u00f3n Petrolera a las empresas extranjeras anteponiendo y aplicando la Constituci\u00f3n en su art\u00edculo 27.<\/p>\n<p>   Consider\u00f3 al General como un hombre recto, de trato amable, respetuoso y directo, que nos hered\u00f3 a los mexicanos el orgullo de luchar por lo justo y por lo verdadero, que nos ense\u00f1\u00f3 a luchar con las palabras y no con las armas.<br \/>\n   Al t\u00e9rmino del acto las autoridades colocaron una ofrenda floral ante el busto del General L\u00e1zaro C\u00e1rdenas, en donde tambi\u00e9n montaron una guardia de honor durante algunos minutos.<\/p>\n<p>   Estuvieron presentes la Presidenta del DIF, C.P. Esveydi Mayde Pedraza Garc\u00eda y las y los Regidores, Guillermina Aguilar Aguilar, Juan Luis Aguado M\u00e9ndez, Reginaldo Anaya Gonz\u00e1lez y Jos\u00e9 Manuel Herrera Villa, as\u00ed como autoridades militares y educativas.<\/p>\n","protected":false},"excerpt":{"rendered":"<p>El Encargado de Despacho de Presidencia, Dr. Jos\u00e9 Trinidad G\u00f3mez S\u00e1nchez, reconoci\u00f3 el legado del General L\u00e1zaro C\u00e1rdenas del R\u00edo a los mexicanos. El Encargado del Despacho de Presidencia, Dr. Jos\u00e9 Trinidad G\u00f3mez S\u00e1nchez, reconoci\u00f3 el legado del General L\u00e1zaro C\u00e1rdenas del R\u00edo a los mexicanos al llevar a cabo la Expropiaci\u00f3n Petrolera el 18&hellip;<\/p>\n","protected":false},"author":1,"featured_media":11366,"comment_status":"closed","ping_status":"closed","sticky":false,"template":"","format":"standard","meta":{"om_disable_all_campaigns":false,"_monsterinsights_skip_tracking":false,"_monsterinsights_sitenote_active":false,"_monsterinsights_sitenote_note":"","_monsterinsights_sitenote_category":0,"footnotes":""},"categories":[1],"tags":[],"class_list":["post-11365","post","type-post","status-publish","format-standard","has-post-thumbnail","hentry","category-uncategorized"],"aioseo_notices":[],"rttpg_featured_image_url":{"full":["https:\/\/tacambaro.gob.mx\/wp-content\/uploads\/2021\/04\/DSCN9413-scaled.jpg",2560,1920,false],"landscape":["https:\/\/tacambaro.gob.mx\/wp-content\/uploads\/2021\/04\/DSCN9413-scaled.jpg",2560,1920,false],"portraits":["https:\/\/tacambaro.gob.mx\/wp-content\/uploads\/2021\/04\/DSCN9413-scaled.jpg",2560,1920,false],"thumbnail":["https:\/\/tacambaro.gob.mx\/wp-content\/uploads\/2021\/04\/DSCN9413-150x150.jpg",150,150,true],"medium":["https:\/\/tacambaro.gob.mx\/wp-content\/uploads\/2021\/04\/DSCN9413-300x225.jpg",300,225,true],"large":["https:\/\/tacambaro.gob.mx\/wp-content\/uploads\/2021\/04\/DSCN9413-1024x768.jpg",1024,768,true],"1536x1536":["https:\/\/tacambaro.gob.mx\/wp-content\/uploads\/2021\/04\/DSCN9413-1536x1152.jpg",1536,1152,true],"2048x2048":["https:\/\/tacambaro.gob.mx\/wp-content\/uploads\/2021\/04\/DSCN9413-2048x1536.jpg",2048,1536,true],"post-thumbnail":["https:\/\/tacambaro.gob.mx\/wp-content\/uploads\/2021\/04\/DSCN9413-300x300.jpg",300,300,true],"futurio-single":["https:\/\/tacambaro.gob.mx\/wp-content\/uploads\/2021\/04\/DSCN9413-4x4.jpg",3,3,true],"futurio-med":["https:\/\/tacambaro.gob.mx\/wp-content\/uploads\/2021\/04\/DSCN9413-20x305.jpg",20,305,true],"futurio-thumbnail":["https:\/\/tacambaro.gob.mx\/wp-content\/uploads\/2021\/04\/DSCN9413-160x120.jpg",160,120,true]},"rttpg_author":{"display_name":"H. AYUNTAMIENTO DE TACAMBARO","author_link":"https:\/\/tacambaro.gob.mx\/?author=1"},"rttpg_comment":0,"rttpg_category":"<a href=\"https:\/\/tacambaro.gob.mx\/?cat=1\" rel=\"category\">Otras<\/a>","rttpg_excerpt":"El Encargado de Despacho de Presidencia, Dr. Jos\u00e9 Trinidad G\u00f3mez S\u00e1nchez, reconoci\u00f3 el legado del General L\u00e1zaro C\u00e1rdenas del R\u00edo a los mexicanos. El Encargado del Despacho de Presidencia, Dr. Jos\u00e9 Trinidad G\u00f3mez S\u00e1nchez, reconoci\u00f3 el legado del General L\u00e1zaro C\u00e1rdenas del R\u00edo a los mexicanos al llevar a cabo la Expropiaci\u00f3n Petrolera el 18&hellip;","_links":{"self":[{"href":"https:\/\/tacambaro.gob.mx\/index.php?rest_route=\/wp\/v2\/posts\/11365","targetHints":{"allow":["GET"]}}],"collection":[{"href":"https:\/\/tacambaro.gob.mx\/index.php?rest_route=\/wp\/v2\/posts"}],"about":[{"href":"https:\/\/tacambaro.gob.mx\/index.php?rest_route=\/wp\/v2\/types\/post"}],"author":[{"embeddable":true,"href":"https:\/\/tacambaro.gob.mx\/index.php?rest_route=\/wp\/v2\/users\/1"}],"replies":[{"embeddable":true,"href":"https:\/\/tacambaro.gob.mx\/index.php?rest_route=%2Fwp%2Fv2%2Fcomments&post=11365"}],"version-history":[{"count":1,"href":"https:\/\/tacambaro.gob.mx\/index.php?rest_route=\/wp\/v2\/posts\/11365\/revisions"}],"predecessor-version":[{"id":11368,"href":"https:\/\/tacambaro.gob.mx\/index.php?rest_route=\/wp\/v2\/posts\/11365\/revisions\/11368"}],"wp:featuredmedia":[{"embeddable":true,"href":"https:\/\/tacambaro.gob.mx\/index.php?rest_route=\/wp\/v2\/media\/11366"}],"wp:attachment":[{"href":"https:\/\/tacambaro.gob.mx\/index.php?rest_route=%2Fwp%2Fv2%2Fmedia&parent=11365"}],"wp:term":[{"taxonomy":"category","embeddable":true,"href":"https:\/\/tacambaro.gob.mx\/index.php?rest_route=%2Fwp%2Fv2%2Fcategories&post=11365"},{"taxonomy":"post_tag","embeddable":true,"href":"https:\/\/tacambaro.gob.mx\/index.php?rest_route=%2Fwp%2Fv2%2Ftags&post=11365"}],"curies":[{"name":"wp","href":"https:\/\/api.w.org\/{rel}","templated":true}]}}