{"id":11369,"date":"2021-03-21T14:52:48","date_gmt":"2021-03-21T14:52:48","guid":{"rendered":"http:\/\/tacambaro.gob.mx\/?p=11369"},"modified":"2023-09-05T17:32:10","modified_gmt":"2023-09-05T17:32:10","slug":"amor-a-la-patria-y-a-los-semejantes-legado-de-juarez-a-los-mexicanos","status":"publish","type":"post","link":"https:\/\/tacambaro.gob.mx\/?p=11369","title":{"rendered":"<h3><span style=\"color: #DAA520;\">   Amor a la patria y a los semejantes, legado de Ju\u00e1rez a los mexicanos.  <\/span><\/h3>"},"content":{"rendered":"\n<li>El respeto entre quienes formamos una sociedades es lo que nos permite vivir en libertad y armon\u00eda, expres\u00f3 Javier Molina G\u00f3mez, orador oficial durante el acto c\u00edvico.<\/li>\n<p>   Durante el acto c\u00edvico del 215 aniversario de natalicio de Benito Ju\u00e1rez Garc\u00eda, Javier Molina G\u00f3mez, Director de Desarrollo Social y Humano, se\u00f1al\u00f3 que el legado del \u201cIndio de Guelatao\u201d fue el amor  a la patria y a sus semejantes;  se\u00f1alando que junto con L\u00e1zaro C\u00e1rdenas del R\u00edo, han sido los mejores Presidentes de M\u00e9xico.<br \/>\n   En representaci\u00f3n del Encargado del Despacho de Presidencia, Dr. Jos\u00e9 Trinidad G\u00f3mez S\u00e1nchez, Molina G\u00f3mez reconoci\u00f3 que Ju\u00e1rez fue el Presidente que hizo realidad la Independencia de M\u00e9xico, \u201cla historia nos dice que los conservadores mexicanos, pensando que no ten\u00edamos capacidad para gobernarnos, invitaron a Maximiliano par que con el t\u00edtulo de Emperador viniera a gobernar a M\u00e9xico. El Presidente Ju\u00e1rez junto a otros liberales, se mantuvo firme en la defensa de la soberan\u00eda nacional y sali\u00f3 victorioso\u201d, subray\u00f3.<\/p>\n<p><img decoding=\"async\" src=\"http:\/\/tacambaro.gob.mx\/wp-content\/uploads\/2021\/04\/IMG-20210321-WA0030.jpg\" alt=\"\" \/><\/p>\n<p>   De igual forma, puntualiz\u00f3 la separaci\u00f3n entre iglesia y Estado conforme a la libertad y la pluralidad de creencias, en donde todo hombre es libre de profesar la creencia religiosa que m\u00e1s le agrade.<br \/>\n   Resalt\u00f3 adem\u00e1s que en la frase \u201cEntre los individuos como entre las naciones, el respeto al derecho ajeno es la paz\u201d, deja claro que quienes propician la violencia son quienes no respetan el derecho ajeno, \u201ces  claro que el respeto entre quienes formamos una sociedad, es lo que nos permite vivir en libertad y armon\u00eda, sin sobresaltos ni temores, dentro de la ley y del derecho\u201d.<\/p>\n<p>   Estuvieron presentes la Regidora de la Comisi\u00f3n de Desarrollo Rural, Caridad Erandi \u00c1valos Garc\u00eda y el Regidor de Educaci\u00f3n y Cultura, Jos\u00e9 Manuel Herrera Villa, as\u00ed autoridades militares, educativas y del C\u00edrculo de Estudios Nicol\u00e1s de R\u00e9gules Cano, quienes colocaron una ofrenda floral ante el busto de Benito Ju\u00e1rez, ubicado en la parte poniente de la plaza que lleva el mismo nombre.<\/p>\n","protected":false},"excerpt":{"rendered":"<p>El respeto entre quienes formamos una sociedades es lo que nos permite vivir en libertad y armon\u00eda, expres\u00f3 Javier Molina G\u00f3mez, orador oficial durante el acto c\u00edvico. Durante el acto c\u00edvico del 215 aniversario de natalicio de Benito Ju\u00e1rez Garc\u00eda, Javier Molina G\u00f3mez, Director de Desarrollo Social y Humano, se\u00f1al\u00f3 que el legado del \u201cIndio&hellip;<\/p>\n","protected":false},"author":1,"featured_media":11370,"comment_status":"closed","ping_status":"closed","sticky":false,"template":"","format":"standard","meta":{"om_disable_all_campaigns":false,"_monsterinsights_skip_tracking":false,"_monsterinsights_sitenote_active":false,"_monsterinsights_sitenote_note":"","_monsterinsights_sitenote_category":0,"footnotes":""},"categories":[1],"tags":[],"class_list":["post-11369","post","type-post","status-publish","format-standard","has-post-thumbnail","hentry","category-uncategorized"],"aioseo_notices":[],"rttpg_featured_image_url":{"full":["https:\/\/tacambaro.gob.mx\/wp-content\/uploads\/2021\/04\/IMG-20210321-WA0005.jpg",1280,960,false],"landscape":["https:\/\/tacambaro.gob.mx\/wp-content\/uploads\/2021\/04\/IMG-20210321-WA0005.jpg",1280,960,false],"portraits":["https:\/\/tacambaro.gob.mx\/wp-content\/uploads\/2021\/04\/IMG-20210321-WA0005.jpg",1280,960,false],"thumbnail":["https:\/\/tacambaro.gob.mx\/wp-content\/uploads\/2021\/04\/IMG-20210321-WA0005-150x150.jpg",150,150,true],"medium":["https:\/\/tacambaro.gob.mx\/wp-content\/uploads\/2021\/04\/IMG-20210321-WA0005-300x225.jpg",300,225,true],"large":["https:\/\/tacambaro.gob.mx\/wp-content\/uploads\/2021\/04\/IMG-20210321-WA0005-1024x768.jpg",1024,768,true],"1536x1536":["https:\/\/tacambaro.gob.mx\/wp-content\/uploads\/2021\/04\/IMG-20210321-WA0005.jpg",1280,960,false],"2048x2048":["https:\/\/tacambaro.gob.mx\/wp-content\/uploads\/2021\/04\/IMG-20210321-WA0005.jpg",1280,960,false],"post-thumbnail":["https:\/\/tacambaro.gob.mx\/wp-content\/uploads\/2021\/04\/IMG-20210321-WA0005-300x300.jpg",300,300,true],"futurio-single":["https:\/\/tacambaro.gob.mx\/wp-content\/uploads\/2021\/04\/IMG-20210321-WA0005-4x4.jpg",3,3,true],"futurio-med":["https:\/\/tacambaro.gob.mx\/wp-content\/uploads\/2021\/04\/IMG-20210321-WA0005-20x305.jpg",20,305,true],"futurio-thumbnail":["https:\/\/tacambaro.gob.mx\/wp-content\/uploads\/2021\/04\/IMG-20210321-WA0005-160x120.jpg",160,120,true]},"rttpg_author":{"display_name":"H. AYUNTAMIENTO DE TACAMBARO","author_link":"https:\/\/tacambaro.gob.mx\/?author=1"},"rttpg_comment":0,"rttpg_category":"<a href=\"https:\/\/tacambaro.gob.mx\/?cat=1\" rel=\"category\">Otras<\/a>","rttpg_excerpt":"El respeto entre quienes formamos una sociedades es lo que nos permite vivir en libertad y armon\u00eda, expres\u00f3 Javier Molina G\u00f3mez, orador oficial durante el acto c\u00edvico. Durante el acto c\u00edvico del 215 aniversario de natalicio de Benito Ju\u00e1rez Garc\u00eda, Javier Molina G\u00f3mez, Director de Desarrollo Social y Humano, se\u00f1al\u00f3 que el legado del \u201cIndio&hellip;","_links":{"self":[{"href":"https:\/\/tacambaro.gob.mx\/index.php?rest_route=\/wp\/v2\/posts\/11369","targetHints":{"allow":["GET"]}}],"collection":[{"href":"https:\/\/tacambaro.gob.mx\/index.php?rest_route=\/wp\/v2\/posts"}],"about":[{"href":"https:\/\/tacambaro.gob.mx\/index.php?rest_route=\/wp\/v2\/types\/post"}],"author":[{"embeddable":true,"href":"https:\/\/tacambaro.gob.mx\/index.php?rest_route=\/wp\/v2\/users\/1"}],"replies":[{"embeddable":true,"href":"https:\/\/tacambaro.gob.mx\/index.php?rest_route=%2Fwp%2Fv2%2Fcomments&post=11369"}],"version-history":[{"count":1,"href":"https:\/\/tacambaro.gob.mx\/index.php?rest_route=\/wp\/v2\/posts\/11369\/revisions"}],"predecessor-version":[{"id":11372,"href":"https:\/\/tacambaro.gob.mx\/index.php?rest_route=\/wp\/v2\/posts\/11369\/revisions\/11372"}],"wp:featuredmedia":[{"embeddable":true,"href":"https:\/\/tacambaro.gob.mx\/index.php?rest_route=\/wp\/v2\/media\/11370"}],"wp:attachment":[{"href":"https:\/\/tacambaro.gob.mx\/index.php?rest_route=%2Fwp%2Fv2%2Fmedia&parent=11369"}],"wp:term":[{"taxonomy":"category","embeddable":true,"href":"https:\/\/tacambaro.gob.mx\/index.php?rest_route=%2Fwp%2Fv2%2Fcategories&post=11369"},{"taxonomy":"post_tag","embeddable":true,"href":"https:\/\/tacambaro.gob.mx\/index.php?rest_route=%2Fwp%2Fv2%2Ftags&post=11369"}],"curies":[{"name":"wp","href":"https:\/\/api.w.org\/{rel}","templated":true}]}}