{"id":11391,"date":"2021-03-26T15:13:48","date_gmt":"2021-03-26T15:13:48","guid":{"rendered":"http:\/\/tacambaro.gob.mx\/?p=11391"},"modified":"2023-09-05T17:32:09","modified_gmt":"2023-09-05T17:32:09","slug":"tacambarenses-acuden-a-vacunarse-me-vacuno-para-protegerme-a-mi-a-mi-familia-y-a-los-demas-afirman","status":"publish","type":"post","link":"https:\/\/tacambaro.gob.mx\/?p=11391","title":{"rendered":"<h3><span style=\"color: #DAA520;\">     Tacambarenses acuden a vacunarse, \u201cme vacuno para protegerme a m\u00ed, a mi familia y a los dem\u00e1s\u201d, afirman.  <\/span><\/h3>"},"content":{"rendered":"\n<li>Han tomado conciencia de la importancia de vacunarse, \u201cse tardaron pero ahora ya es una realidad\u201d, manifestaron.<\/li>\n<p>   Los habitantes de Tac\u00e1mbaro agradecieron  a los tres niveles de gobierno por la aplicaci\u00f3n de la vacuna anti COVID, ya que reconocen que es la \u00fanica forma de terminar con la pandemia y regresar paulatinamente a la normalidad. En este primer d\u00eda de vacunaci\u00f3n, un m\u00ednimo porcentaje present\u00f3 reacciones leves, principalmente dolor en el sitio de la inyecci\u00f3n.<\/p>\n<p>   Con gran conciencia y de manera voluntaria, los adultos mayores de 60 a\u00f1os de Tac\u00e1mbaro acudieron a vacunarse esta ma\u00f1ana, tanto en el auditorio municipal  los de San Juan de Vi\u00f1a como en el Colegio de Bachilleres los de Tac\u00e1mbaro. \u201cSe tardaron pero ahora ya es una realidad la vacunaci\u00f3n\u201d, expres\u00f3 Ma. Eliacer Cort\u00e9s Villase\u00f1or, quien fue la primera persona en recibir la dosis del biol\u00f3gico.<\/p>\n<p>   De 61 a\u00f1os y originaria de Tac\u00e1mbaro, Cort\u00e9s Villase\u00f1or dijo no sentir ninguna reacci\u00f3n adversa, por lo que invit\u00f3 a los tacambarenses a vacunarse para evitar enfermarse de Coronavirus.<br \/>\n   A esta declaraci\u00f3n se sum\u00f3 Fernando Ayala, de 81 a\u00f1os de edad y originario de Tac\u00e1mbaro, \u201cse ocupa la vacunaci\u00f3n, todo esto est\u00e1 muy bien, les recomiendo que se vacunen para que est\u00e9n sanos\u201d, expres\u00f3 el entrevistado quien dijo sentir m\u00ednimo dolor muscular en la zona de la aplicaci\u00f3n.<\/p>\n<p>   Luego de ser vacunada, la tacambarense Mar\u00eda Ayala Meza, de 61 a\u00f1os de edad, consider\u00f3 que es necesaria la vacunaci\u00f3n ya que al andar en la calle el riesgo es alto, \u201cyo me vacune  para protegerme a m\u00ed, a mi familia y a los dem\u00e1s, tenemos la obligaci\u00f3n de cuidarnos\u201d, dijo.<\/p>\n<p>   De igual forma, Teresa Ayala, de 64 a\u00f1os de edad, llam\u00f3 a los tacambarenses a vacunarse, \u201csi nos est\u00e1n dando esta oportunidad hay que aprovecharla, tenemos la obligaci\u00f3n de cuidarnos y cuidar a los dem\u00e1s, es para nuestro beneficio para que no nos llegue esta enfermedad\u201d, puntualiz\u00f3.<\/p>\n","protected":false},"excerpt":{"rendered":"<p>Han tomado conciencia de la importancia de vacunarse, \u201cse tardaron pero ahora ya es una realidad\u201d, manifestaron. Los habitantes de Tac\u00e1mbaro agradecieron a los tres niveles de gobierno por la aplicaci\u00f3n de la vacuna anti COVID, ya que reconocen que es la \u00fanica forma de terminar con la pandemia y regresar paulatinamente a la normalidad.&hellip;<\/p>\n","protected":false},"author":1,"featured_media":11392,"comment_status":"closed","ping_status":"closed","sticky":false,"template":"","format":"standard","meta":{"om_disable_all_campaigns":false,"_monsterinsights_skip_tracking":false,"_monsterinsights_sitenote_active":false,"_monsterinsights_sitenote_note":"","_monsterinsights_sitenote_category":0,"footnotes":""},"categories":[1],"tags":[],"class_list":["post-11391","post","type-post","status-publish","format-standard","has-post-thumbnail","hentry","category-uncategorized"],"aioseo_notices":[],"rttpg_featured_image_url":{"full":["https:\/\/tacambaro.gob.mx\/wp-content\/uploads\/2021\/04\/IMG_1295.jpg",949,1305,false],"landscape":["https:\/\/tacambaro.gob.mx\/wp-content\/uploads\/2021\/04\/IMG_1295.jpg",949,1305,false],"portraits":["https:\/\/tacambaro.gob.mx\/wp-content\/uploads\/2021\/04\/IMG_1295.jpg",949,1305,false],"thumbnail":["https:\/\/tacambaro.gob.mx\/wp-content\/uploads\/2021\/04\/IMG_1295-150x150.jpg",150,150,true],"medium":["https:\/\/tacambaro.gob.mx\/wp-content\/uploads\/2021\/04\/IMG_1295-218x300.jpg",218,300,true],"large":["https:\/\/tacambaro.gob.mx\/wp-content\/uploads\/2021\/04\/IMG_1295-745x1024.jpg",745,1024,true],"1536x1536":["https:\/\/tacambaro.gob.mx\/wp-content\/uploads\/2021\/04\/IMG_1295.jpg",949,1305,false],"2048x2048":["https:\/\/tacambaro.gob.mx\/wp-content\/uploads\/2021\/04\/IMG_1295.jpg",949,1305,false],"post-thumbnail":["https:\/\/tacambaro.gob.mx\/wp-content\/uploads\/2021\/04\/IMG_1295-300x300.jpg",300,300,true],"futurio-single":["https:\/\/tacambaro.gob.mx\/wp-content\/uploads\/2021\/04\/IMG_1295-4x4.jpg",3,3,true],"futurio-med":["https:\/\/tacambaro.gob.mx\/wp-content\/uploads\/2021\/04\/IMG_1295-20x305.jpg",20,305,true],"futurio-thumbnail":["https:\/\/tacambaro.gob.mx\/wp-content\/uploads\/2021\/04\/IMG_1295-160x120.jpg",160,120,true]},"rttpg_author":{"display_name":"H. AYUNTAMIENTO DE TACAMBARO","author_link":"https:\/\/tacambaro.gob.mx\/?author=1"},"rttpg_comment":0,"rttpg_category":"<a href=\"https:\/\/tacambaro.gob.mx\/?cat=1\" rel=\"category\">Otras<\/a>","rttpg_excerpt":"Han tomado conciencia de la importancia de vacunarse, \u201cse tardaron pero ahora ya es una realidad\u201d, manifestaron. Los habitantes de Tac\u00e1mbaro agradecieron a los tres niveles de gobierno por la aplicaci\u00f3n de la vacuna anti COVID, ya que reconocen que es la \u00fanica forma de terminar con la pandemia y regresar paulatinamente a la normalidad.&hellip;","_links":{"self":[{"href":"https:\/\/tacambaro.gob.mx\/index.php?rest_route=\/wp\/v2\/posts\/11391","targetHints":{"allow":["GET"]}}],"collection":[{"href":"https:\/\/tacambaro.gob.mx\/index.php?rest_route=\/wp\/v2\/posts"}],"about":[{"href":"https:\/\/tacambaro.gob.mx\/index.php?rest_route=\/wp\/v2\/types\/post"}],"author":[{"embeddable":true,"href":"https:\/\/tacambaro.gob.mx\/index.php?rest_route=\/wp\/v2\/users\/1"}],"replies":[{"embeddable":true,"href":"https:\/\/tacambaro.gob.mx\/index.php?rest_route=%2Fwp%2Fv2%2Fcomments&post=11391"}],"version-history":[{"count":1,"href":"https:\/\/tacambaro.gob.mx\/index.php?rest_route=\/wp\/v2\/posts\/11391\/revisions"}],"predecessor-version":[{"id":11393,"href":"https:\/\/tacambaro.gob.mx\/index.php?rest_route=\/wp\/v2\/posts\/11391\/revisions\/11393"}],"wp:featuredmedia":[{"embeddable":true,"href":"https:\/\/tacambaro.gob.mx\/index.php?rest_route=\/wp\/v2\/media\/11392"}],"wp:attachment":[{"href":"https:\/\/tacambaro.gob.mx\/index.php?rest_route=%2Fwp%2Fv2%2Fmedia&parent=11391"}],"wp:term":[{"taxonomy":"category","embeddable":true,"href":"https:\/\/tacambaro.gob.mx\/index.php?rest_route=%2Fwp%2Fv2%2Fcategories&post=11391"},{"taxonomy":"post_tag","embeddable":true,"href":"https:\/\/tacambaro.gob.mx\/index.php?rest_route=%2Fwp%2Fv2%2Ftags&post=11391"}],"curies":[{"name":"wp","href":"https:\/\/api.w.org\/{rel}","templated":true}]}}