{"id":19160,"date":"2025-06-02T15:14:00","date_gmt":"2025-06-02T15:14:00","guid":{"rendered":"https:\/\/tacambaro.gob.mx\/?p=19160"},"modified":"2025-06-02T22:53:08","modified_gmt":"2025-06-02T22:53:08","slug":"se-inaugura-cancha-de-futbol-7-en-la-unidad-deportiva-la-carolina","status":"publish","type":"post","link":"https:\/\/tacambaro.gob.mx\/?p=19160","title":{"rendered":"Inauguran Cancha de F\u00fatbol 7 en Tac\u00e1mbaro para Impulsar el Deporte y la Convivencia\u200b"},"content":{"rendered":"\t\t<div data-elementor-type=\"wp-post\" data-elementor-id=\"19160\" class=\"elementor elementor-19160\">\n\t\t\t\t<div class=\"elementor-element elementor-element-a47fa90 e-flex e-con-boxed e-con e-parent\" data-id=\"a47fa90\" data-element_type=\"container\" data-e-type=\"container\">\n\t\t\t\t\t<div class=\"e-con-inner\">\n\t\t\t\t<div class=\"elementor-element elementor-element-66924c9 elementor-widget elementor-widget-image\" data-id=\"66924c9\" data-element_type=\"widget\" data-e-type=\"widget\" data-widget_type=\"image.default\">\n\t\t\t\t<div class=\"elementor-widget-container\">\n\t\t\t\t\t\t\t\t\t\t\t\t\t\t\t<img fetchpriority=\"high\" decoding=\"async\" width=\"753\" height=\"502\" src=\"https:\/\/tacambaro.gob.mx\/wp-content\/uploads\/2025\/06\/Imagen23.jpg\" class=\"attachment-large size-large wp-image-19174\" alt=\"\" \/>\t\t\t\t\t\t\t\t\t\t\t\t\t\t\t<\/div>\n\t\t\t\t<\/div>\n\t\t\t\t\t<\/div>\n\t\t\t\t<\/div>\n\t\t<div class=\"elementor-element elementor-element-08507d8 e-flex e-con-boxed e-con e-parent\" data-id=\"08507d8\" data-element_type=\"container\" data-e-type=\"container\">\n\t\t\t\t\t<div class=\"e-con-inner\">\n\t\t\t\t<div class=\"elementor-element elementor-element-cf029c5 elementor-widget elementor-widget-text-editor\" data-id=\"cf029c5\" data-element_type=\"widget\" data-e-type=\"widget\" data-widget_type=\"text-editor.default\">\n\t\t\t\t<div class=\"elementor-widget-container\">\n\t\t\t\t\t\t\t\t\t<p><b>Tac\u00e1mbaro, Michoac\u00e1n<\/b>.\u2014En el marco del D\u00eda del Ni\u00f1o, se inaugur\u00f3 este 30 de abril del 2025 la nueva cancha de f\u00fatbol 7 en la Unidad Deportiva&nbsp;La Carolina, un proyecto moderno y seguro impulsado por el programa&nbsp;. Este espacio busca promover el deporte, la sana convivencia y el desarrollo integral de ni\u00f1as, ni\u00f1os y j\u00f3venes del municipio.<\/p>\n<p>En representaci\u00f3n del gobernador del estado, <b>Mtro. Alfredo Ram\u00edrez Bedolla<\/b>, asisti\u00f3 la Lic. Daniela de los Santos; y en representaci\u00f3n del Mtro. C\u00e9sar Edwin S\u00e1nchez Coria, Secretario Ejecutivo del Sistema Estatal de seguridad P\u00fablica estuvo presente la Lic. Jessica Yaneth Gonz\u00e1lez Fuentes.\n<\/p>\t\t\t\t\t\t\t\t<\/div>\n\t\t\t\t<\/div>\n\t\t\t\t\t<\/div>\n\t\t\t\t<\/div>\n\t\t<div class=\"elementor-element elementor-element-0e366cf e-flex e-con-boxed e-con e-parent\" data-id=\"0e366cf\" data-element_type=\"container\" data-e-type=\"container\">\n\t\t\t\t\t<div class=\"e-con-inner\">\n\t\t\t\t<div class=\"elementor-element elementor-element-c32e5cb elementor-widget elementor-widget-heading\" data-id=\"c32e5cb\" data-element_type=\"widget\" data-e-type=\"widget\" data-widget_type=\"heading.default\">\n\t\t\t\t<div class=\"elementor-widget-container\">\n\t\t\t\t\t<h4 class=\"elementor-heading-title elementor-size-default\">Autoridades Presentes<\/h4>\t\t\t\t<\/div>\n\t\t\t\t<\/div>\n\t\t\t\t\t<\/div>\n\t\t\t\t<\/div>\n\t\t<div class=\"elementor-element elementor-element-c2ca28a e-flex e-con-boxed e-con e-parent\" data-id=\"c2ca28a\" data-element_type=\"container\" data-e-type=\"container\">\n\t\t\t\t\t<div class=\"e-con-inner\">\n\t\t\t\t<div class=\"elementor-element elementor-element-4e98eca elementor-widget elementor-widget-text-editor\" data-id=\"4e98eca\" data-element_type=\"widget\" data-e-type=\"widget\" data-widget_type=\"text-editor.default\">\n\t\t\t\t<div class=\"elementor-widget-container\">\n\t\t\t\t\t\t\t\t\t<p>La ceremonia cont\u00f3 con la representaci\u00f3n del Gobernador Alfredo Ram\u00edrez Bedolla, a cargo de la Lic. Daniela de los Santos, y de la Lic. Jessica Yaneth Gonz\u00e1lez Fuentes, en nombre del Secretario Ejecutivo de Seguridad P\u00fablica, C\u00e9sar Edwin S\u00e1nchez Coria. Tambi\u00e9n asistieron:<br><ul><li>\nIntegrantes del Honorable Cabildo de Tac\u00e1mbaro.<\/li><li>Directores y jefes de \u00e1rea del Gobierno Municipal.<\/li><li>Alumnos de la Primaria Pablo Neruda, COBAEM Tac\u00e1mbaro, Fuego Simb\u00f3lico y escuelas deportivas locales.<\/li><\/ul><\/p>\t\t\t\t\t\t\t\t<\/div>\n\t\t\t\t<\/div>\n\t\t\t\t\t<\/div>\n\t\t\t\t<\/div>\n\t\t<div class=\"elementor-element elementor-element-a531c52 e-flex e-con-boxed e-con e-parent\" data-id=\"a531c52\" data-element_type=\"container\" data-e-type=\"container\">\n\t\t\t\t\t<div class=\"e-con-inner\">\n\t\t\t\t<div class=\"elementor-element elementor-element-928a1c0 elementor-widget elementor-widget-text-editor\" data-id=\"928a1c0\" data-element_type=\"widget\" data-e-type=\"widget\" data-widget_type=\"text-editor.default\">\n\t\t\t\t<div class=\"elementor-widget-container\">\n\t\t\t\t\t\t\t\t\t<p>El Gobierno Municipal reafirma su compromiso de crear espacios dignos y funcionales que fortalezcan el tejido social. Esta cancha, dise\u00f1ada bajo criterios de sostenibilidad y accesibilidad, se suma a los esfuerzos por ofrecer alternativas recreativas y formativas para la juventud tacambarense.\n<\/p>\t\t\t\t\t\t\t\t<\/div>\n\t\t\t\t<\/div>\n\t\t\t\t<div class=\"elementor-element elementor-element-876124d elementor-arrows-position-inside elementor-pagination-position-outside elementor-widget elementor-widget-image-carousel\" data-id=\"876124d\" data-element_type=\"widget\" data-e-type=\"widget\" data-settings=\"{&quot;slides_to_show&quot;:&quot;1&quot;,&quot;navigation&quot;:&quot;both&quot;,&quot;autoplay&quot;:&quot;yes&quot;,&quot;pause_on_hover&quot;:&quot;yes&quot;,&quot;pause_on_interaction&quot;:&quot;yes&quot;,&quot;autoplay_speed&quot;:5000,&quot;infinite&quot;:&quot;yes&quot;,&quot;effect&quot;:&quot;slide&quot;,&quot;speed&quot;:500}\" data-widget_type=\"image-carousel.default\">\n\t\t\t\t<div class=\"elementor-widget-container\">\n\t\t\t\t\t\t\t<div class=\"elementor-image-carousel-wrapper swiper\" role=\"region\" aria-roledescription=\"carousel\" aria-label=\"Carrusel de im\u00e1genes\" dir=\"ltr\">\n\t\t\t<div class=\"elementor-image-carousel swiper-wrapper\" aria-live=\"off\">\n\t\t\t\t\t\t\t\t<div class=\"swiper-slide\" role=\"group\" aria-roledescription=\"slide\" aria-label=\"1 de 6\"><figure class=\"swiper-slide-inner\"><img decoding=\"async\" class=\"swiper-slide-image\" src=\"https:\/\/tacambaro.gob.mx\/wp-content\/uploads\/2025\/06\/Imagen26.jpg\" alt=\"Imagen26\" \/><\/figure><\/div><div class=\"swiper-slide\" role=\"group\" aria-roledescription=\"slide\" aria-label=\"2 de 6\"><figure class=\"swiper-slide-inner\"><img decoding=\"async\" class=\"swiper-slide-image\" src=\"https:\/\/tacambaro.gob.mx\/wp-content\/uploads\/2025\/06\/Imagen19.jpg\" alt=\"Imagen19\" \/><\/figure><\/div><div class=\"swiper-slide\" role=\"group\" aria-roledescription=\"slide\" aria-label=\"3 de 6\"><figure class=\"swiper-slide-inner\"><img decoding=\"async\" class=\"swiper-slide-image\" src=\"https:\/\/tacambaro.gob.mx\/wp-content\/uploads\/2025\/06\/Imagen20.jpg\" alt=\"Imagen20\" \/><\/figure><\/div><div class=\"swiper-slide\" role=\"group\" aria-roledescription=\"slide\" aria-label=\"4 de 6\"><figure class=\"swiper-slide-inner\"><img decoding=\"async\" class=\"swiper-slide-image\" src=\"https:\/\/tacambaro.gob.mx\/wp-content\/uploads\/2025\/06\/Imagen21.jpg\" alt=\"Imagen21\" \/><\/figure><\/div><div class=\"swiper-slide\" role=\"group\" aria-roledescription=\"slide\" aria-label=\"5 de 6\"><figure class=\"swiper-slide-inner\"><img decoding=\"async\" class=\"swiper-slide-image\" src=\"https:\/\/tacambaro.gob.mx\/wp-content\/uploads\/2025\/06\/Imagen22.jpg\" alt=\"Imagen22\" \/><\/figure><\/div><div class=\"swiper-slide\" role=\"group\" aria-roledescription=\"slide\" aria-label=\"6 de 6\"><figure class=\"swiper-slide-inner\"><img decoding=\"async\" class=\"swiper-slide-image\" src=\"https:\/\/tacambaro.gob.mx\/wp-content\/uploads\/2025\/06\/Imagen24.jpg\" alt=\"Imagen24\" \/><\/figure><\/div>\t\t\t<\/div>\n\t\t\t\t\t\t\t\t\t\t\t\t<div class=\"elementor-swiper-button elementor-swiper-button-prev\" role=\"button\" tabindex=\"0\">\n\t\t\t\t\t\t<svg aria-hidden=\"true\" class=\"e-font-icon-svg e-eicon-chevron-left\" viewBox=\"0 0 1000 1000\" xmlns=\"http:\/\/www.w3.org\/2000\/svg\"><path d=\"M646 125C629 125 613 133 604 142L308 442C296 454 292 471 292 487 292 504 296 521 308 533L604 854C617 867 629 875 646 875 663 875 679 871 692 858 704 846 713 829 713 812 713 796 708 779 692 767L438 487 692 225C700 217 708 204 708 187 708 171 704 154 692 142 675 129 663 125 646 125Z\"><\/path><\/svg>\t\t\t\t\t<\/div>\n\t\t\t\t\t<div class=\"elementor-swiper-button elementor-swiper-button-next\" role=\"button\" tabindex=\"0\">\n\t\t\t\t\t\t<svg aria-hidden=\"true\" class=\"e-font-icon-svg e-eicon-chevron-right\" viewBox=\"0 0 1000 1000\" xmlns=\"http:\/\/www.w3.org\/2000\/svg\"><path d=\"M696 533C708 521 713 504 713 487 713 471 708 454 696 446L400 146C388 133 375 125 354 125 338 125 325 129 313 142 300 154 292 171 292 187 292 204 296 221 308 233L563 492 304 771C292 783 288 800 288 817 288 833 296 850 308 863 321 871 338 875 354 875 371 875 388 867 400 854L696 533Z\"><\/path><\/svg>\t\t\t\t\t<\/div>\n\t\t\t\t\n\t\t\t\t\t\t\t\t\t<div class=\"swiper-pagination\"><\/div>\n\t\t\t\t\t\t\t\t\t<\/div>\n\t\t\t\t\t\t<\/div>\n\t\t\t\t<\/div>\n\t\t\t\t\t<\/div>\n\t\t\t\t<\/div>\n\t\t\t\t<\/div>\n\t\t","protected":false},"excerpt":{"rendered":"<p>Tac\u00e1mbaro celebra la inauguraci\u00f3n de una nueva cancha de f\u00fatbol 7 en la Unidad Deportiva \u00abLa Carolina\u00bb, un espacio seguro y sostenible promovido por el programa FORTAPAZ. El evento, en conmemoraci\u00f3n del D\u00eda del Ni\u00f1o, cont\u00f3 con la presencia de autoridades estatales y locales, as\u00ed como estudiantes y escuelas deportivas. \u00a1Conoce los detalles de este proyecto que fomenta el desarrollo social y deportivo!<\/p>\n","protected":false},"author":1,"featured_media":19177,"comment_status":"open","ping_status":"closed","sticky":false,"template":"","format":"standard","meta":{"om_disable_all_campaigns":false,"_monsterinsights_skip_tracking":false,"_monsterinsights_sitenote_active":false,"_monsterinsights_sitenote_note":"","_monsterinsights_sitenote_category":0,"footnotes":""},"categories":[31,32,5],"tags":[],"class_list":["post-19160","post","type-post","status-publish","format-standard","has-post-thumbnail","hentry","category-deportes","category-eventos-comunitarios","category-gobierno"],"aioseo_notices":[],"rttpg_featured_image_url":{"full":["https:\/\/tacambaro.gob.mx\/wp-content\/uploads\/2025\/06\/Imagen26.jpg",753,502,false],"landscape":["https:\/\/tacambaro.gob.mx\/wp-content\/uploads\/2025\/06\/Imagen26.jpg",753,502,false],"portraits":["https:\/\/tacambaro.gob.mx\/wp-content\/uploads\/2025\/06\/Imagen26.jpg",753,502,false],"thumbnail":["https:\/\/tacambaro.gob.mx\/wp-content\/uploads\/2025\/06\/Imagen26-150x150.jpg",150,150,true],"medium":["https:\/\/tacambaro.gob.mx\/wp-content\/uploads\/2025\/06\/Imagen26-300x200.jpg",300,200,true],"large":["https:\/\/tacambaro.gob.mx\/wp-content\/uploads\/2025\/06\/Imagen26.jpg",753,502,false],"1536x1536":["https:\/\/tacambaro.gob.mx\/wp-content\/uploads\/2025\/06\/Imagen26.jpg",753,502,false],"2048x2048":["https:\/\/tacambaro.gob.mx\/wp-content\/uploads\/2025\/06\/Imagen26.jpg",753,502,false],"post-thumbnail":["https:\/\/tacambaro.gob.mx\/wp-content\/uploads\/2025\/06\/Imagen26-300x300.jpg",300,300,true],"futurio-single":["https:\/\/tacambaro.gob.mx\/wp-content\/uploads\/2025\/06\/Imagen26-3x3.jpg",3,3,true],"futurio-med":["https:\/\/tacambaro.gob.mx\/wp-content\/uploads\/2025\/06\/Imagen26-20x305.jpg",20,305,true],"futurio-thumbnail":["https:\/\/tacambaro.gob.mx\/wp-content\/uploads\/2025\/06\/Imagen26-160x120.jpg",160,120,true]},"rttpg_author":{"display_name":"H. AYUNTAMIENTO DE TACAMBARO","author_link":"https:\/\/tacambaro.gob.mx\/?author=1"},"rttpg_comment":0,"rttpg_category":"<a href=\"https:\/\/tacambaro.gob.mx\/?cat=31\" rel=\"category\">Deportes<\/a> <a href=\"https:\/\/tacambaro.gob.mx\/?cat=32\" rel=\"category\">Eventos Comunitarios<\/a> <a href=\"https:\/\/tacambaro.gob.mx\/?cat=5\" rel=\"category\">Gobierno<\/a>","rttpg_excerpt":"Tac\u00e1mbaro celebra la inauguraci\u00f3n de una nueva cancha de f\u00fatbol 7 en la Unidad Deportiva \"La Carolina\", un espacio seguro y sostenible promovido por el programa FORTAPAZ. El evento, en conmemoraci\u00f3n del D\u00eda del Ni\u00f1o, cont\u00f3 con la presencia de autoridades estatales y locales, as\u00ed como estudiantes y escuelas deportivas. \u00a1Conoce los detalles de este&hellip;","_links":{"self":[{"href":"https:\/\/tacambaro.gob.mx\/index.php?rest_route=\/wp\/v2\/posts\/19160","targetHints":{"allow":["GET"]}}],"collection":[{"href":"https:\/\/tacambaro.gob.mx\/index.php?rest_route=\/wp\/v2\/posts"}],"about":[{"href":"https:\/\/tacambaro.gob.mx\/index.php?rest_route=\/wp\/v2\/types\/post"}],"author":[{"embeddable":true,"href":"https:\/\/tacambaro.gob.mx\/index.php?rest_route=\/wp\/v2\/users\/1"}],"replies":[{"embeddable":true,"href":"https:\/\/tacambaro.gob.mx\/index.php?rest_route=%2Fwp%2Fv2%2Fcomments&post=19160"}],"version-history":[{"count":22,"href":"https:\/\/tacambaro.gob.mx\/index.php?rest_route=\/wp\/v2\/posts\/19160\/revisions"}],"predecessor-version":[{"id":19192,"href":"https:\/\/tacambaro.gob.mx\/index.php?rest_route=\/wp\/v2\/posts\/19160\/revisions\/19192"}],"wp:featuredmedia":[{"embeddable":true,"href":"https:\/\/tacambaro.gob.mx\/index.php?rest_route=\/wp\/v2\/media\/19177"}],"wp:attachment":[{"href":"https:\/\/tacambaro.gob.mx\/index.php?rest_route=%2Fwp%2Fv2%2Fmedia&parent=19160"}],"wp:term":[{"taxonomy":"category","embeddable":true,"href":"https:\/\/tacambaro.gob.mx\/index.php?rest_route=%2Fwp%2Fv2%2Fcategories&post=19160"},{"taxonomy":"post_tag","embeddable":true,"href":"https:\/\/tacambaro.gob.mx\/index.php?rest_route=%2Fwp%2Fv2%2Ftags&post=19160"}],"curies":[{"name":"wp","href":"https:\/\/api.w.org\/{rel}","templated":true}]}}