{"id":19234,"date":"2025-06-03T16:42:00","date_gmt":"2025-06-03T16:42:00","guid":{"rendered":"https:\/\/tacambaro.gob.mx\/?p=19234"},"modified":"2025-06-03T16:53:11","modified_gmt":"2025-06-03T16:53:11","slug":"gobierno-municipal-inaugura-modernas-aulas-y-cancha-multiusos-en-colegio-de-bachilleres-de-san-juan-de-vina","status":"publish","type":"post","link":"https:\/\/tacambaro.gob.mx\/?p=19234","title":{"rendered":"Gobierno Municipal inaugura modernas aulas y cancha multiusos en Colegio de Bachilleres de San Juan de Vi\u00f1a"},"content":{"rendered":"\t\t<div data-elementor-type=\"wp-post\" data-elementor-id=\"19234\" class=\"elementor elementor-19234\">\n\t\t\t\t<div class=\"elementor-element elementor-element-50e46de e-flex e-con-boxed e-con e-parent\" data-id=\"50e46de\" data-element_type=\"container\" data-e-type=\"container\">\n\t\t\t\t\t<div class=\"e-con-inner\">\n\t\t\t\t<div class=\"elementor-element elementor-element-459e0b4 elementor-widget elementor-widget-image\" data-id=\"459e0b4\" data-element_type=\"widget\" data-e-type=\"widget\" data-widget_type=\"image.default\">\n\t\t\t\t<div class=\"elementor-widget-container\">\n\t\t\t\t\t\t\t\t\t\t\t\t\t\t\t<img fetchpriority=\"high\" decoding=\"async\" width=\"753\" height=\"502\" src=\"https:\/\/tacambaro.gob.mx\/wp-content\/uploads\/2025\/06\/Imagen147.jpg\" class=\"attachment-large size-large wp-image-19235\" alt=\"\" \/>\t\t\t\t\t\t\t\t\t\t\t\t\t\t\t<\/div>\n\t\t\t\t<\/div>\n\t\t\t\t\t<\/div>\n\t\t\t\t<\/div>\n\t\t<div class=\"elementor-element elementor-element-32bb79f e-flex e-con-boxed e-con e-parent\" data-id=\"32bb79f\" data-element_type=\"container\" data-e-type=\"container\">\n\t\t\t\t\t<div class=\"e-con-inner\">\n\t\t\t\t<div class=\"elementor-element elementor-element-671fa3d elementor-widget elementor-widget-text-editor\" data-id=\"671fa3d\" data-element_type=\"widget\" data-e-type=\"widget\" data-widget_type=\"text-editor.default\">\n\t\t\t\t<div class=\"elementor-widget-container\">\n\t\t\t\t\t\t\t\t\t<p><b>Tac\u00e1mbaro, Michoac\u00e1n.\u2014<\/b>En un esfuerzo por fortalecer la formaci\u00f3n integral de los j\u00f3venes, el Gobierno Municipal que preside el Lic. Salvador \u00abChavo\u00bb Bastida Garc\u00eda, a trav\u00e9s de la Direcci\u00f3n de Obras P\u00fablicas, inaugur\u00f3 dos aulas educativas y una cancha de usos m\u00faltiples en el Colegio de Bachilleres, Plantel San Juan de Vi\u00f1a.<\/p>\t\t\t\t\t\t\t\t<\/div>\n\t\t\t\t<\/div>\n\t\t\t\t\t<\/div>\n\t\t\t\t<\/div>\n\t\t<div class=\"elementor-element elementor-element-11f7e99 e-flex e-con-boxed e-con e-parent\" data-id=\"11f7e99\" data-element_type=\"container\" data-e-type=\"container\">\n\t\t\t\t\t<div class=\"e-con-inner\">\n\t\t\t\t<div class=\"elementor-element elementor-element-26648de elementor-widget elementor-widget-text-editor\" data-id=\"26648de\" data-element_type=\"widget\" data-e-type=\"widget\" data-widget_type=\"text-editor.default\">\n\t\t\t\t<div class=\"elementor-widget-container\">\n\t\t\t\t\t\t\t\t\t<p><b>Caracter\u00edsticas y Beneficios de las Nuevas Instalaciones<\/b><\/p>\n<p>Las nuevas obras en el Colegio de Bachilleres de San Juan de Vi\u00f1a destacan por su dise\u00f1o funcional y construcci\u00f3n de calidad. Las dos aulas cuentan con cimentaci\u00f3n reforzada y pisos de concreto armado, garantizando espacios seguros y duraderos para el aprendizaje. La cancha multiusos, equipada con porter\u00edas y tableros de b\u00e1squetbol, ofrece un \u00e1rea deportiva vers\u00e1til que fomentar\u00e1 la actividad f\u00edsica entre los estudiantes. Todos los espacios incluyen se\u00f1alizaci\u00f3n adecuada, cumpliendo con los est\u00e1ndares de seguridad necesarios para el uso escolar.<\/p>\n<p><b> Compromiso con la Educaci\u00f3n Municipal<\/b><\/p>\n<p>Esta inversi\u00f3n refleja el firme compromiso del Gobierno Municipal por mejorar la infraestructura educativa en todo Tac\u00e1mbaro. Bajo el liderazgo del Lic. Salvador \u00abChavo\u00bb Bastida Garc\u00eda, se priorizan obras que generen ambientes propicios para el desarrollo acad\u00e9mico y personal de los j\u00f3venes. La presencia de autoridades educativas y locales durante la inauguraci\u00f3n demuestra el trabajo coordinado entre instituciones para lograr estos avances. Estas acciones concretas confirman la visi\u00f3n de un Tac\u00e1mbaro que apuesta por la educaci\u00f3n como motor de progreso, donde cada nueva obra se traduce en mejores oportunidades para las futuras generaciones.<\/p>\t\t\t\t\t\t\t\t<\/div>\n\t\t\t\t<\/div>\n\t\t\t\t\t<\/div>\n\t\t\t\t<\/div>\n\t\t<div class=\"elementor-element elementor-element-d31dfc6 e-flex e-con-boxed e-con e-parent\" data-id=\"d31dfc6\" data-element_type=\"container\" data-e-type=\"container\">\n\t\t\t\t\t<div class=\"e-con-inner\">\n\t\t\t\t<div class=\"elementor-element elementor-element-e4876f2 elementor-arrows-position-inside elementor-pagination-position-outside elementor-widget elementor-widget-image-carousel\" data-id=\"e4876f2\" data-element_type=\"widget\" data-e-type=\"widget\" data-settings=\"{&quot;navigation&quot;:&quot;both&quot;,&quot;autoplay&quot;:&quot;yes&quot;,&quot;pause_on_hover&quot;:&quot;yes&quot;,&quot;pause_on_interaction&quot;:&quot;yes&quot;,&quot;autoplay_speed&quot;:5000,&quot;infinite&quot;:&quot;yes&quot;,&quot;speed&quot;:500}\" data-widget_type=\"image-carousel.default\">\n\t\t\t\t<div class=\"elementor-widget-container\">\n\t\t\t\t\t\t\t<div class=\"elementor-image-carousel-wrapper swiper\" role=\"region\" aria-roledescription=\"carousel\" aria-label=\"Carrusel de im\u00e1genes\" dir=\"ltr\">\n\t\t\t<div class=\"elementor-image-carousel swiper-wrapper\" aria-live=\"off\">\n\t\t\t\t\t\t\t\t<div class=\"swiper-slide\" role=\"group\" aria-roledescription=\"slide\" aria-label=\"1 de 6\"><figure class=\"swiper-slide-inner\"><img decoding=\"async\" class=\"swiper-slide-image\" src=\"https:\/\/tacambaro.gob.mx\/wp-content\/uploads\/2025\/06\/Imagen104-300x200.jpg\" alt=\"Imagen104\" \/><\/figure><\/div><div class=\"swiper-slide\" role=\"group\" aria-roledescription=\"slide\" aria-label=\"2 de 6\"><figure class=\"swiper-slide-inner\"><img decoding=\"async\" class=\"swiper-slide-image\" src=\"https:\/\/tacambaro.gob.mx\/wp-content\/uploads\/2025\/06\/Imagen87-300x200.jpg\" alt=\"Imagen87\" \/><\/figure><\/div><div class=\"swiper-slide\" role=\"group\" aria-roledescription=\"slide\" aria-label=\"3 de 6\"><figure class=\"swiper-slide-inner\"><img decoding=\"async\" class=\"swiper-slide-image\" src=\"https:\/\/tacambaro.gob.mx\/wp-content\/uploads\/2025\/06\/Imagen136-300x200.jpg\" alt=\"Imagen136\" \/><\/figure><\/div><div class=\"swiper-slide\" role=\"group\" aria-roledescription=\"slide\" aria-label=\"4 de 6\"><figure class=\"swiper-slide-inner\"><img decoding=\"async\" class=\"swiper-slide-image\" src=\"https:\/\/tacambaro.gob.mx\/wp-content\/uploads\/2025\/06\/Imagen114-300x200.jpg\" alt=\"Imagen114\" \/><\/figure><\/div><div class=\"swiper-slide\" role=\"group\" aria-roledescription=\"slide\" aria-label=\"5 de 6\"><figure class=\"swiper-slide-inner\"><img decoding=\"async\" class=\"swiper-slide-image\" src=\"https:\/\/tacambaro.gob.mx\/wp-content\/uploads\/2025\/06\/Imagen125-300x200.jpg\" alt=\"Imagen125\" \/><\/figure><\/div><div class=\"swiper-slide\" role=\"group\" aria-roledescription=\"slide\" aria-label=\"6 de 6\"><figure class=\"swiper-slide-inner\"><img decoding=\"async\" class=\"swiper-slide-image\" src=\"https:\/\/tacambaro.gob.mx\/wp-content\/uploads\/2025\/06\/Imagen92-300x200.jpg\" alt=\"Imagen92\" \/><\/figure><\/div>\t\t\t<\/div>\n\t\t\t\t\t\t\t\t\t\t\t\t<div class=\"elementor-swiper-button elementor-swiper-button-prev\" role=\"button\" tabindex=\"0\">\n\t\t\t\t\t\t<svg aria-hidden=\"true\" class=\"e-font-icon-svg e-eicon-chevron-left\" viewBox=\"0 0 1000 1000\" xmlns=\"http:\/\/www.w3.org\/2000\/svg\"><path d=\"M646 125C629 125 613 133 604 142L308 442C296 454 292 471 292 487 292 504 296 521 308 533L604 854C617 867 629 875 646 875 663 875 679 871 692 858 704 846 713 829 713 812 713 796 708 779 692 767L438 487 692 225C700 217 708 204 708 187 708 171 704 154 692 142 675 129 663 125 646 125Z\"><\/path><\/svg>\t\t\t\t\t<\/div>\n\t\t\t\t\t<div class=\"elementor-swiper-button elementor-swiper-button-next\" role=\"button\" tabindex=\"0\">\n\t\t\t\t\t\t<svg aria-hidden=\"true\" class=\"e-font-icon-svg e-eicon-chevron-right\" viewBox=\"0 0 1000 1000\" xmlns=\"http:\/\/www.w3.org\/2000\/svg\"><path d=\"M696 533C708 521 713 504 713 487 713 471 708 454 696 446L400 146C388 133 375 125 354 125 338 125 325 129 313 142 300 154 292 171 292 187 292 204 296 221 308 233L563 492 304 771C292 783 288 800 288 817 288 833 296 850 308 863 321 871 338 875 354 875 371 875 388 867 400 854L696 533Z\"><\/path><\/svg>\t\t\t\t\t<\/div>\n\t\t\t\t\n\t\t\t\t\t\t\t\t\t<div class=\"swiper-pagination\"><\/div>\n\t\t\t\t\t\t\t\t\t<\/div>\n\t\t\t\t\t\t<\/div>\n\t\t\t\t<\/div>\n\t\t\t\t\t<\/div>\n\t\t\t\t<\/div>\n\t\t\t\t<\/div>\n\t\t","protected":false},"excerpt":{"rendered":"<p>El Gobierno de Tac\u00e1mbaro, liderado por Salvador \u00abChavo\u00bb Bastida, inaugur\u00f3 dos aulas y una cancha deportiva en el COBACH San Juan de Vi\u00f1a. Con estructura reforzada y equipamiento completo, estos espacios mejorar\u00e1n la formaci\u00f3n acad\u00e9mica y deportiva de los j\u00f3venes. \u00a1Conoce los detalles de esta inversi\u00f3n educativa!<\/p>\n","protected":false},"author":1,"featured_media":19235,"comment_status":"open","ping_status":"closed","sticky":false,"template":"","format":"standard","meta":{"om_disable_all_campaigns":false,"_monsterinsights_skip_tracking":false,"_monsterinsights_sitenote_active":false,"_monsterinsights_sitenote_note":"","_monsterinsights_sitenote_category":0,"footnotes":""},"categories":[31,5,7],"tags":[],"class_list":["post-19234","post","type-post","status-publish","format-standard","has-post-thumbnail","hentry","category-deportes","category-gobierno","category-municipio"],"aioseo_notices":[],"rttpg_featured_image_url":{"full":["https:\/\/tacambaro.gob.mx\/wp-content\/uploads\/2025\/06\/Imagen147.jpg",753,502,false],"landscape":["https:\/\/tacambaro.gob.mx\/wp-content\/uploads\/2025\/06\/Imagen147.jpg",753,502,false],"portraits":["https:\/\/tacambaro.gob.mx\/wp-content\/uploads\/2025\/06\/Imagen147.jpg",753,502,false],"thumbnail":["https:\/\/tacambaro.gob.mx\/wp-content\/uploads\/2025\/06\/Imagen147-150x150.jpg",150,150,true],"medium":["https:\/\/tacambaro.gob.mx\/wp-content\/uploads\/2025\/06\/Imagen147-300x200.jpg",300,200,true],"large":["https:\/\/tacambaro.gob.mx\/wp-content\/uploads\/2025\/06\/Imagen147.jpg",753,502,false],"1536x1536":["https:\/\/tacambaro.gob.mx\/wp-content\/uploads\/2025\/06\/Imagen147.jpg",753,502,false],"2048x2048":["https:\/\/tacambaro.gob.mx\/wp-content\/uploads\/2025\/06\/Imagen147.jpg",753,502,false],"post-thumbnail":["https:\/\/tacambaro.gob.mx\/wp-content\/uploads\/2025\/06\/Imagen147-300x300.jpg",300,300,true],"futurio-single":["https:\/\/tacambaro.gob.mx\/wp-content\/uploads\/2025\/06\/Imagen147-3x3.jpg",3,3,true],"futurio-med":["https:\/\/tacambaro.gob.mx\/wp-content\/uploads\/2025\/06\/Imagen147-20x305.jpg",20,305,true],"futurio-thumbnail":["https:\/\/tacambaro.gob.mx\/wp-content\/uploads\/2025\/06\/Imagen147-160x120.jpg",160,120,true]},"rttpg_author":{"display_name":"H. AYUNTAMIENTO DE TACAMBARO","author_link":"https:\/\/tacambaro.gob.mx\/?author=1"},"rttpg_comment":0,"rttpg_category":"<a href=\"https:\/\/tacambaro.gob.mx\/?cat=31\" rel=\"category\">Deportes<\/a> <a href=\"https:\/\/tacambaro.gob.mx\/?cat=5\" rel=\"category\">Gobierno<\/a> <a href=\"https:\/\/tacambaro.gob.mx\/?cat=7\" rel=\"category\">Municipio<\/a>","rttpg_excerpt":"El Gobierno de Tac\u00e1mbaro, liderado por Salvador \"Chavo\" Bastida, inaugur\u00f3 dos aulas y una cancha deportiva en el COBACH San Juan de Vi\u00f1a. Con estructura reforzada y equipamiento completo, estos espacios mejorar\u00e1n la formaci\u00f3n acad\u00e9mica y deportiva de los j\u00f3venes. \u00a1Conoce los detalles de esta inversi\u00f3n educativa!","_links":{"self":[{"href":"https:\/\/tacambaro.gob.mx\/index.php?rest_route=\/wp\/v2\/posts\/19234","targetHints":{"allow":["GET"]}}],"collection":[{"href":"https:\/\/tacambaro.gob.mx\/index.php?rest_route=\/wp\/v2\/posts"}],"about":[{"href":"https:\/\/tacambaro.gob.mx\/index.php?rest_route=\/wp\/v2\/types\/post"}],"author":[{"embeddable":true,"href":"https:\/\/tacambaro.gob.mx\/index.php?rest_route=\/wp\/v2\/users\/1"}],"replies":[{"embeddable":true,"href":"https:\/\/tacambaro.gob.mx\/index.php?rest_route=%2Fwp%2Fv2%2Fcomments&post=19234"}],"version-history":[{"count":4,"href":"https:\/\/tacambaro.gob.mx\/index.php?rest_route=\/wp\/v2\/posts\/19234\/revisions"}],"predecessor-version":[{"id":19248,"href":"https:\/\/tacambaro.gob.mx\/index.php?rest_route=\/wp\/v2\/posts\/19234\/revisions\/19248"}],"wp:featuredmedia":[{"embeddable":true,"href":"https:\/\/tacambaro.gob.mx\/index.php?rest_route=\/wp\/v2\/media\/19235"}],"wp:attachment":[{"href":"https:\/\/tacambaro.gob.mx\/index.php?rest_route=%2Fwp%2Fv2%2Fmedia&parent=19234"}],"wp:term":[{"taxonomy":"category","embeddable":true,"href":"https:\/\/tacambaro.gob.mx\/index.php?rest_route=%2Fwp%2Fv2%2Fcategories&post=19234"},{"taxonomy":"post_tag","embeddable":true,"href":"https:\/\/tacambaro.gob.mx\/index.php?rest_route=%2Fwp%2Fv2%2Ftags&post=19234"}],"curies":[{"name":"wp","href":"https:\/\/api.w.org\/{rel}","templated":true}]}}