{"id":5465,"date":"2018-03-23T15:56:55","date_gmt":"2018-03-23T15:56:55","guid":{"rendered":"http:\/\/tacambaro.gob.mx\/?p=5465"},"modified":"2018-03-23T15:56:55","modified_gmt":"2018-03-23T15:56:55","slug":"evento-soy-mama-merza-se-relizara-en-tacambaro","status":"publish","type":"post","link":"https:\/\/tacambaro.gob.mx\/?p=5465","title":{"rendered":"EVENTO SOY MAM\u00c1 MERZA SE RELIZAR\u00c1 EN TAC\u00c1MBARO"},"content":{"rendered":"<p>Tac\u00e1mbaro, Michoac\u00e1n a 22 de Marzo de 2018<\/p>\n<p style=\"text-align: center;\">\n<p style=\"text-align: center;\">EVENTO SOY MAM\u00c1 MERZA SE RELIZAR\u00c1 EN TAC\u00c1MBARO<\/p>\n<p style=\"text-align: justify;\">En H. Ayuntamiento de Tac\u00e1mbaro 2015-2018, que encabeza el Lic. Mauricio Acosta Almanza, en coordinaci\u00f3n con la Direcci\u00f3n de Turismo y Cultura, la Compa\u00f1\u00eda Merza, DIF Municipal y SECTUR del Estado,\u00a0 celebran a mam\u00e1 como una reina realizando un evento socio cultural, en donde ellas disfrutar\u00e1n de las bellezas naturales y arquitect\u00f3nicas de nuestro Pueblo M\u00e1gico.<\/p>\n<p style=\"text-align: justify;\">Es as\u00ed como 140 madres de familia que ganaron en el concurso SOY MAM\u00c1 MERZA, provenientes de los 113 municipios del Estado de Michoac\u00e1n, podr\u00e1n disfrutar de un desayuno, recorrido y comida por el municipio de Tac\u00e1mbaro,\u00a0 llen\u00e1ndolas de regalos, rifas, bailes y muchas sorpresas m\u00e1s, a realizarse el pr\u00f3ximo 18 de mayo del presente a\u00f1o, en el marco de la celebraci\u00f3n del D\u00eda de la Madre.<\/p>\n<p style=\"text-align: justify;\">Cabe se\u00f1alar que fueron 15 mam\u00e1s las ganadoras del municipio, las que se suman a esta celebraci\u00f3n, que se lleva a cabo con el objetivo de reconocer la labor de ser madre, entre las mujeres de alta marginaci\u00f3n o vulnerables del Estado.<\/p>\n","protected":false},"excerpt":{"rendered":"<p>Tac\u00e1mbaro, Michoac\u00e1n a 22 de Marzo de 2018 EVENTO SOY MAM\u00c1 MERZA SE RELIZAR\u00c1 EN TAC\u00c1MBARO En H. Ayuntamiento de Tac\u00e1mbaro 2015-2018, que encabeza el Lic. Mauricio Acosta Almanza, en coordinaci\u00f3n con la Direcci\u00f3n de Turismo y Cultura, la Compa\u00f1\u00eda Merza, DIF Municipal y SECTUR del Estado,\u00a0 celebran a mam\u00e1 como una reina realizando un&hellip;<\/p>\n","protected":false},"author":1,"featured_media":5466,"comment_status":"closed","ping_status":"closed","sticky":false,"template":"","format":"standard","meta":{"om_disable_all_campaigns":false,"_monsterinsights_skip_tracking":false,"_monsterinsights_sitenote_active":false,"_monsterinsights_sitenote_note":"","_monsterinsights_sitenote_category":0,"footnotes":""},"categories":[1],"tags":[],"class_list":["post-5465","post","type-post","status-publish","format-standard","has-post-thumbnail","hentry","category-uncategorized"],"aioseo_notices":[],"rttpg_featured_image_url":{"full":["https:\/\/tacambaro.gob.mx\/wp-content\/uploads\/2018\/03\/Merza-2-scaled.jpg",2560,1441,false],"landscape":["https:\/\/tacambaro.gob.mx\/wp-content\/uploads\/2018\/03\/Merza-2-scaled.jpg",2560,1441,false],"portraits":["https:\/\/tacambaro.gob.mx\/wp-content\/uploads\/2018\/03\/Merza-2-scaled.jpg",2560,1441,false],"thumbnail":["https:\/\/tacambaro.gob.mx\/wp-content\/uploads\/2018\/03\/Merza-2-150x150.jpg",150,150,true],"medium":["https:\/\/tacambaro.gob.mx\/wp-content\/uploads\/2018\/03\/Merza-2-300x169.jpg",300,169,true],"large":["https:\/\/tacambaro.gob.mx\/wp-content\/uploads\/2018\/03\/Merza-2-1024x576.jpg",1024,576,true],"1536x1536":["https:\/\/tacambaro.gob.mx\/wp-content\/uploads\/2018\/03\/Merza-2-1536x864.jpg",1536,864,true],"2048x2048":["https:\/\/tacambaro.gob.mx\/wp-content\/uploads\/2018\/03\/Merza-2-2048x1153.jpg",2048,1153,true],"post-thumbnail":["https:\/\/tacambaro.gob.mx\/wp-content\/uploads\/2018\/03\/Merza-2-300x300.jpg",300,300,true],"futurio-single":["https:\/\/tacambaro.gob.mx\/wp-content\/uploads\/2018\/03\/Merza-2-4x4.jpg",3,3,true],"futurio-med":["https:\/\/tacambaro.gob.mx\/wp-content\/uploads\/2018\/03\/Merza-2-20x305.jpg",20,305,true],"futurio-thumbnail":["https:\/\/tacambaro.gob.mx\/wp-content\/uploads\/2018\/03\/Merza-2-160x120.jpg",160,120,true]},"rttpg_author":{"display_name":"H. AYUNTAMIENTO DE TACAMBARO","author_link":"https:\/\/tacambaro.gob.mx\/?author=1"},"rttpg_comment":0,"rttpg_category":"<a href=\"https:\/\/tacambaro.gob.mx\/?cat=1\" rel=\"category\">Otras<\/a>","rttpg_excerpt":"Tac\u00e1mbaro, Michoac\u00e1n a 22 de Marzo de 2018 EVENTO SOY MAM\u00c1 MERZA SE RELIZAR\u00c1 EN TAC\u00c1MBARO En H. Ayuntamiento de Tac\u00e1mbaro 2015-2018, que encabeza el Lic. Mauricio Acosta Almanza, en coordinaci\u00f3n con la Direcci\u00f3n de Turismo y Cultura, la Compa\u00f1\u00eda Merza, DIF Municipal y SECTUR del Estado,\u00a0 celebran a mam\u00e1 como una reina realizando un&hellip;","_links":{"self":[{"href":"https:\/\/tacambaro.gob.mx\/index.php?rest_route=\/wp\/v2\/posts\/5465","targetHints":{"allow":["GET"]}}],"collection":[{"href":"https:\/\/tacambaro.gob.mx\/index.php?rest_route=\/wp\/v2\/posts"}],"about":[{"href":"https:\/\/tacambaro.gob.mx\/index.php?rest_route=\/wp\/v2\/types\/post"}],"author":[{"embeddable":true,"href":"https:\/\/tacambaro.gob.mx\/index.php?rest_route=\/wp\/v2\/users\/1"}],"replies":[{"embeddable":true,"href":"https:\/\/tacambaro.gob.mx\/index.php?rest_route=%2Fwp%2Fv2%2Fcomments&post=5465"}],"version-history":[{"count":2,"href":"https:\/\/tacambaro.gob.mx\/index.php?rest_route=\/wp\/v2\/posts\/5465\/revisions"}],"predecessor-version":[{"id":5468,"href":"https:\/\/tacambaro.gob.mx\/index.php?rest_route=\/wp\/v2\/posts\/5465\/revisions\/5468"}],"wp:featuredmedia":[{"embeddable":true,"href":"https:\/\/tacambaro.gob.mx\/index.php?rest_route=\/wp\/v2\/media\/5466"}],"wp:attachment":[{"href":"https:\/\/tacambaro.gob.mx\/index.php?rest_route=%2Fwp%2Fv2%2Fmedia&parent=5465"}],"wp:term":[{"taxonomy":"category","embeddable":true,"href":"https:\/\/tacambaro.gob.mx\/index.php?rest_route=%2Fwp%2Fv2%2Fcategories&post=5465"},{"taxonomy":"post_tag","embeddable":true,"href":"https:\/\/tacambaro.gob.mx\/index.php?rest_route=%2Fwp%2Fv2%2Ftags&post=5465"}],"curies":[{"name":"wp","href":"https:\/\/api.w.org\/{rel}","templated":true}]}}