{"id":6174,"date":"2018-07-26T14:43:46","date_gmt":"2018-07-26T14:43:46","guid":{"rendered":"http:\/\/tacambaro.gob.mx\/?p=6174"},"modified":"2018-07-26T14:43:46","modified_gmt":"2018-07-26T14:43:46","slug":"arranque-del-convoy-de-la-salud-en-la-tenencia-de-pedernales","status":"publish","type":"post","link":"https:\/\/tacambaro.gob.mx\/?p=6174","title":{"rendered":"ARRANQUE DEL CONVOY DE LA SALUD EN LA TENENCIA DE PEDERNALES."},"content":{"rendered":"<p style=\"text-align: center;\">ARRANQUE DEL CONVOY DE LA SALUD EN LA TENENCIA DE PEDERNALES.<\/p>\n<p style=\"text-align: justify;\">El H. Ayuntamiento de Tac\u00e1mbaro 2015-2018, que encabeza el Lic. Mauricio Acosta Almanza, a trav\u00e9s de la Comisi\u00f3n de Salud a cargo de la Lic. Ver\u00f3nica Segovia Guzm\u00e1n y en coordinaci\u00f3n con el Doctor Mois\u00e9s Rangel Pi\u00f1\u00f3n quien es Jefe de la Jurisdicci\u00f3n\u00a0 Sanitaria N\u00b04 de P\u00e1tzcuaro, dieron arranque el d\u00eda de hoy 25 de julio, al Convoy de la Salud en la Tenencia de Pedernales.<\/p>\n<p style=\"text-align: justify;\">En este peque\u00f1o pero significativo arranque, estuvieron presentes la C.P Sonia Acosta Almanza de la Direcci\u00f3n de Desarrollo Integral para la Familia (DIF) Municipal en representaci\u00f3n del Edil Municipal, el Dr. Gerardo Moreno Maga\u00f1a Director del Hospital General Mar\u00eda Zendejas, el Dr. Antonio Castro L\u00f3pez Coordinador de Atenci\u00f3n Salud, la Lic. en Enfermer\u00eda Maribel Sol\u00f3rzano Vel\u00e1zquez, el Dr. Francisco Javier Su\u00e1rez Rubio Director del Centro de Salud de Tac\u00e1mbaro, el C. Juan Luis Aguado M\u00e9ndez Jefe de Tenencia de Pedernales, Dr. Indira\u00a0 L\u00f3pez Orozco quien es responsable del Centro de Salud de Pedernales y la Lic. en Enfermer\u00eda Maril\u00fa Garc\u00eda D\u00edaz Jefa de Enfermeras del Centro de Salud de Pedernales.<\/p>\n<p style=\"text-align: justify;\">En palabras de la C.P Sonia Acosta, agradeci\u00f3 el apoyo brindado de parte de la Secretaria de Salud del Estado de Michoac\u00e1n, para poder bajar este tipo de programas para el beneficio de las comunidades m\u00e1s alejadas de municipio, as\u00ed como tambi\u00e9n la participaci\u00f3n de los doctores y enfermeras que siempre est\u00e1n al pendiente y dispuestas a ayudar a las personas, ya que esta es una labor que se realiza en conjunto para brindarle una mejor atenci\u00f3n a la ciudadan\u00eda.<\/p>\n<p style=\"text-align: justify;\">Para finalizar se hizo un llamado a la poblaci\u00f3n en general a que se acerquen a este Convoy de la Salud ya que estar\u00e1 solamente hasta el pr\u00f3ximo martes 31 de julio, brindando los servicios de laboratorio, densitometr\u00edas \u00f3seas, electrocardiogramas, a partir de las 11 de la ma\u00f1ana; los requisitos son: INE, CURP, p\u00f3liza de seguro popular y solicitud de estudios debidamente requisitada y otorgada por el centro de salud de donde se encuentra en convoy de salud.<\/p>\n<p style=\"text-align: justify;\">Mayores informes en el centro de salud de Pedernales.<\/p>\n","protected":false},"excerpt":{"rendered":"<p>ARRANQUE DEL CONVOY DE LA SALUD EN LA TENENCIA DE PEDERNALES. El H. Ayuntamiento de Tac\u00e1mbaro 2015-2018, que encabeza el Lic. Mauricio Acosta Almanza, a trav\u00e9s de la Comisi\u00f3n de Salud a cargo de la Lic. Ver\u00f3nica Segovia Guzm\u00e1n y en coordinaci\u00f3n con el Doctor Mois\u00e9s Rangel Pi\u00f1\u00f3n quien es Jefe de la Jurisdicci\u00f3n\u00a0 Sanitaria&hellip;<\/p>\n","protected":false},"author":1,"featured_media":6175,"comment_status":"closed","ping_status":"closed","sticky":false,"template":"","format":"standard","meta":{"om_disable_all_campaigns":false,"_monsterinsights_skip_tracking":false,"_monsterinsights_sitenote_active":false,"_monsterinsights_sitenote_note":"","_monsterinsights_sitenote_category":0,"footnotes":""},"categories":[1],"tags":[],"class_list":["post-6174","post","type-post","status-publish","format-standard","has-post-thumbnail","hentry","category-uncategorized"],"aioseo_notices":[],"rttpg_featured_image_url":{"full":["https:\/\/tacambaro.gob.mx\/wp-content\/uploads\/2018\/07\/524562d2-8dfa-493a-90dc-e8b4ecdf537f.jpg",1280,956,false],"landscape":["https:\/\/tacambaro.gob.mx\/wp-content\/uploads\/2018\/07\/524562d2-8dfa-493a-90dc-e8b4ecdf537f.jpg",1280,956,false],"portraits":["https:\/\/tacambaro.gob.mx\/wp-content\/uploads\/2018\/07\/524562d2-8dfa-493a-90dc-e8b4ecdf537f.jpg",1280,956,false],"thumbnail":["https:\/\/tacambaro.gob.mx\/wp-content\/uploads\/2018\/07\/524562d2-8dfa-493a-90dc-e8b4ecdf537f-150x150.jpg",150,150,true],"medium":["https:\/\/tacambaro.gob.mx\/wp-content\/uploads\/2018\/07\/524562d2-8dfa-493a-90dc-e8b4ecdf537f-300x224.jpg",300,224,true],"large":["https:\/\/tacambaro.gob.mx\/wp-content\/uploads\/2018\/07\/524562d2-8dfa-493a-90dc-e8b4ecdf537f-1024x765.jpg",1024,765,true],"1536x1536":["https:\/\/tacambaro.gob.mx\/wp-content\/uploads\/2018\/07\/524562d2-8dfa-493a-90dc-e8b4ecdf537f.jpg",1280,956,false],"2048x2048":["https:\/\/tacambaro.gob.mx\/wp-content\/uploads\/2018\/07\/524562d2-8dfa-493a-90dc-e8b4ecdf537f.jpg",1280,956,false],"post-thumbnail":["https:\/\/tacambaro.gob.mx\/wp-content\/uploads\/2018\/07\/524562d2-8dfa-493a-90dc-e8b4ecdf537f-300x300.jpg",300,300,true],"futurio-single":["https:\/\/tacambaro.gob.mx\/wp-content\/uploads\/2018\/07\/524562d2-8dfa-493a-90dc-e8b4ecdf537f-4x4.jpg",3,3,true],"futurio-med":["https:\/\/tacambaro.gob.mx\/wp-content\/uploads\/2018\/07\/524562d2-8dfa-493a-90dc-e8b4ecdf537f-20x305.jpg",20,305,true],"futurio-thumbnail":["https:\/\/tacambaro.gob.mx\/wp-content\/uploads\/2018\/07\/524562d2-8dfa-493a-90dc-e8b4ecdf537f-160x120.jpg",160,120,true]},"rttpg_author":{"display_name":"H. AYUNTAMIENTO DE TACAMBARO","author_link":"https:\/\/tacambaro.gob.mx\/?author=1"},"rttpg_comment":0,"rttpg_category":"<a href=\"https:\/\/tacambaro.gob.mx\/?cat=1\" rel=\"category\">Otras<\/a>","rttpg_excerpt":"ARRANQUE DEL CONVOY DE LA SALUD EN LA TENENCIA DE PEDERNALES. El H. Ayuntamiento de Tac\u00e1mbaro 2015-2018, que encabeza el Lic. Mauricio Acosta Almanza, a trav\u00e9s de la Comisi\u00f3n de Salud a cargo de la Lic. Ver\u00f3nica Segovia Guzm\u00e1n y en coordinaci\u00f3n con el Doctor Mois\u00e9s Rangel Pi\u00f1\u00f3n quien es Jefe de la Jurisdicci\u00f3n\u00a0 Sanitaria&hellip;","_links":{"self":[{"href":"https:\/\/tacambaro.gob.mx\/index.php?rest_route=\/wp\/v2\/posts\/6174","targetHints":{"allow":["GET"]}}],"collection":[{"href":"https:\/\/tacambaro.gob.mx\/index.php?rest_route=\/wp\/v2\/posts"}],"about":[{"href":"https:\/\/tacambaro.gob.mx\/index.php?rest_route=\/wp\/v2\/types\/post"}],"author":[{"embeddable":true,"href":"https:\/\/tacambaro.gob.mx\/index.php?rest_route=\/wp\/v2\/users\/1"}],"replies":[{"embeddable":true,"href":"https:\/\/tacambaro.gob.mx\/index.php?rest_route=%2Fwp%2Fv2%2Fcomments&post=6174"}],"version-history":[{"count":1,"href":"https:\/\/tacambaro.gob.mx\/index.php?rest_route=\/wp\/v2\/posts\/6174\/revisions"}],"predecessor-version":[{"id":6176,"href":"https:\/\/tacambaro.gob.mx\/index.php?rest_route=\/wp\/v2\/posts\/6174\/revisions\/6176"}],"wp:featuredmedia":[{"embeddable":true,"href":"https:\/\/tacambaro.gob.mx\/index.php?rest_route=\/wp\/v2\/media\/6175"}],"wp:attachment":[{"href":"https:\/\/tacambaro.gob.mx\/index.php?rest_route=%2Fwp%2Fv2%2Fmedia&parent=6174"}],"wp:term":[{"taxonomy":"category","embeddable":true,"href":"https:\/\/tacambaro.gob.mx\/index.php?rest_route=%2Fwp%2Fv2%2Fcategories&post=6174"},{"taxonomy":"post_tag","embeddable":true,"href":"https:\/\/tacambaro.gob.mx\/index.php?rest_route=%2Fwp%2Fv2%2Ftags&post=6174"}],"curies":[{"name":"wp","href":"https:\/\/api.w.org\/{rel}","templated":true}]}}