{"id":6190,"date":"2018-07-26T19:26:45","date_gmt":"2018-07-26T19:26:45","guid":{"rendered":"http:\/\/tacambaro.gob.mx\/?p=6190"},"modified":"2018-07-26T19:26:45","modified_gmt":"2018-07-26T19:26:45","slug":"calle-lazaro-cardenas-cerrada-por-reparaciones","status":"publish","type":"post","link":"https:\/\/tacambaro.gob.mx\/?p=6190","title":{"rendered":"CALLE L\u00c1ZARO C\u00c1RDENAS CERRADA POR REPARACIONES"},"content":{"rendered":"<p style=\"text-align: center;\">CALLE L\u00c1ZARO C\u00c1RDENAS CERRADA POR REPARACIONES<\/p>\n<p style=\"text-align: justify;\">\n<p style=\"text-align: justify;\">Por trabajos de reparaci\u00f3n de parte del Organismo Operador de Agua Potable, Saneamiento y Alcantarillado del H. Ayuntamiento de Tac\u00e1mbaro, que preside el Lic. Mauricio Acosta Almanza, permanecer\u00e1 cerrada hasta el d\u00eda jueves 2 de agosto la calle \u201cL\u00e1zaro C\u00e1rdenas\u201d a la altura de una conocida muebler\u00eda de la zona, \u00a0debido a los trabajos de pavimentaci\u00f3n, puesto que en d\u00edas previos hab\u00eda sido removida la baldosa para rehabilitaci\u00f3n\u00a0 del drenaje que hab\u00eda colapsado, as\u00ed mismo se ejecut\u00f3 la reparaci\u00f3n de 3 descargas domiciliarias.<\/p>\n<p style=\"text-align: justify;\">Se invita a los usuarios de la v\u00eda tomar medidas alternas y se solicita la comprensi\u00f3n de los tacambarenses, ya que se est\u00e1 trabajando en la dignificaci\u00f3n de los servicios b\u00e1sicos de la municipalidad, la Administraci\u00f3n 2015-2018, seguir\u00e1 trabajando en pro del desarrollo hasta los \u00faltimos d\u00edas de su periodo.<\/p>\n","protected":false},"excerpt":{"rendered":"<p>CALLE L\u00c1ZARO C\u00c1RDENAS CERRADA POR REPARACIONES Por trabajos de reparaci\u00f3n de parte del Organismo Operador de Agua Potable, Saneamiento y Alcantarillado del H. Ayuntamiento de Tac\u00e1mbaro, que preside el Lic. Mauricio Acosta Almanza, permanecer\u00e1 cerrada hasta el d\u00eda jueves 2 de agosto la calle \u201cL\u00e1zaro C\u00e1rdenas\u201d a la altura de una conocida muebler\u00eda de la&hellip;<\/p>\n","protected":false},"author":1,"featured_media":6191,"comment_status":"closed","ping_status":"closed","sticky":false,"template":"","format":"standard","meta":{"om_disable_all_campaigns":false,"_monsterinsights_skip_tracking":false,"_monsterinsights_sitenote_active":false,"_monsterinsights_sitenote_note":"","_monsterinsights_sitenote_category":0,"footnotes":""},"categories":[1],"tags":[],"class_list":["post-6190","post","type-post","status-publish","format-standard","has-post-thumbnail","hentry","category-uncategorized"],"aioseo_notices":[],"rttpg_featured_image_url":{"full":["https:\/\/tacambaro.gob.mx\/wp-content\/uploads\/2018\/07\/33b1041c-d0fc-419e-b1c9-5bab8470916d.jpg",1280,960,false],"landscape":["https:\/\/tacambaro.gob.mx\/wp-content\/uploads\/2018\/07\/33b1041c-d0fc-419e-b1c9-5bab8470916d.jpg",1280,960,false],"portraits":["https:\/\/tacambaro.gob.mx\/wp-content\/uploads\/2018\/07\/33b1041c-d0fc-419e-b1c9-5bab8470916d.jpg",1280,960,false],"thumbnail":["https:\/\/tacambaro.gob.mx\/wp-content\/uploads\/2018\/07\/33b1041c-d0fc-419e-b1c9-5bab8470916d-150x150.jpg",150,150,true],"medium":["https:\/\/tacambaro.gob.mx\/wp-content\/uploads\/2018\/07\/33b1041c-d0fc-419e-b1c9-5bab8470916d-300x225.jpg",300,225,true],"large":["https:\/\/tacambaro.gob.mx\/wp-content\/uploads\/2018\/07\/33b1041c-d0fc-419e-b1c9-5bab8470916d-1024x768.jpg",1024,768,true],"1536x1536":["https:\/\/tacambaro.gob.mx\/wp-content\/uploads\/2018\/07\/33b1041c-d0fc-419e-b1c9-5bab8470916d.jpg",1280,960,false],"2048x2048":["https:\/\/tacambaro.gob.mx\/wp-content\/uploads\/2018\/07\/33b1041c-d0fc-419e-b1c9-5bab8470916d.jpg",1280,960,false],"post-thumbnail":["https:\/\/tacambaro.gob.mx\/wp-content\/uploads\/2018\/07\/33b1041c-d0fc-419e-b1c9-5bab8470916d-300x300.jpg",300,300,true],"futurio-single":["https:\/\/tacambaro.gob.mx\/wp-content\/uploads\/2018\/07\/33b1041c-d0fc-419e-b1c9-5bab8470916d-4x4.jpg",3,3,true],"futurio-med":["https:\/\/tacambaro.gob.mx\/wp-content\/uploads\/2018\/07\/33b1041c-d0fc-419e-b1c9-5bab8470916d-20x305.jpg",20,305,true],"futurio-thumbnail":["https:\/\/tacambaro.gob.mx\/wp-content\/uploads\/2018\/07\/33b1041c-d0fc-419e-b1c9-5bab8470916d-160x120.jpg",160,120,true]},"rttpg_author":{"display_name":"H. AYUNTAMIENTO DE TACAMBARO","author_link":"https:\/\/tacambaro.gob.mx\/?author=1"},"rttpg_comment":0,"rttpg_category":"<a href=\"https:\/\/tacambaro.gob.mx\/?cat=1\" rel=\"category\">Otras<\/a>","rttpg_excerpt":"CALLE L\u00c1ZARO C\u00c1RDENAS CERRADA POR REPARACIONES Por trabajos de reparaci\u00f3n de parte del Organismo Operador de Agua Potable, Saneamiento y Alcantarillado del H. Ayuntamiento de Tac\u00e1mbaro, que preside el Lic. Mauricio Acosta Almanza, permanecer\u00e1 cerrada hasta el d\u00eda jueves 2 de agosto la calle \u201cL\u00e1zaro C\u00e1rdenas\u201d a la altura de una conocida muebler\u00eda de la&hellip;","_links":{"self":[{"href":"https:\/\/tacambaro.gob.mx\/index.php?rest_route=\/wp\/v2\/posts\/6190","targetHints":{"allow":["GET"]}}],"collection":[{"href":"https:\/\/tacambaro.gob.mx\/index.php?rest_route=\/wp\/v2\/posts"}],"about":[{"href":"https:\/\/tacambaro.gob.mx\/index.php?rest_route=\/wp\/v2\/types\/post"}],"author":[{"embeddable":true,"href":"https:\/\/tacambaro.gob.mx\/index.php?rest_route=\/wp\/v2\/users\/1"}],"replies":[{"embeddable":true,"href":"https:\/\/tacambaro.gob.mx\/index.php?rest_route=%2Fwp%2Fv2%2Fcomments&post=6190"}],"version-history":[{"count":1,"href":"https:\/\/tacambaro.gob.mx\/index.php?rest_route=\/wp\/v2\/posts\/6190\/revisions"}],"predecessor-version":[{"id":6192,"href":"https:\/\/tacambaro.gob.mx\/index.php?rest_route=\/wp\/v2\/posts\/6190\/revisions\/6192"}],"wp:featuredmedia":[{"embeddable":true,"href":"https:\/\/tacambaro.gob.mx\/index.php?rest_route=\/wp\/v2\/media\/6191"}],"wp:attachment":[{"href":"https:\/\/tacambaro.gob.mx\/index.php?rest_route=%2Fwp%2Fv2%2Fmedia&parent=6190"}],"wp:term":[{"taxonomy":"category","embeddable":true,"href":"https:\/\/tacambaro.gob.mx\/index.php?rest_route=%2Fwp%2Fv2%2Fcategories&post=6190"},{"taxonomy":"post_tag","embeddable":true,"href":"https:\/\/tacambaro.gob.mx\/index.php?rest_route=%2Fwp%2Fv2%2Ftags&post=6190"}],"curies":[{"name":"wp","href":"https:\/\/api.w.org\/{rel}","templated":true}]}}