{"id":6212,"date":"2018-07-30T20:00:25","date_gmt":"2018-07-30T20:00:25","guid":{"rendered":"http:\/\/tacambaro.gob.mx\/?p=6212"},"modified":"2018-07-30T20:00:25","modified_gmt":"2018-07-30T20:00:25","slug":"concierto-homenaje-a-fernando-ramos-arellano","status":"publish","type":"post","link":"https:\/\/tacambaro.gob.mx\/?p=6212","title":{"rendered":"CONCIERTO HOMENAJE A FERNANDO RAMOS ARELLANO"},"content":{"rendered":"<p style=\"text-align: center;\">CONCIERTO HOMENAJE A FERNANDO RAMOS ARELLANO<\/p>\n<p style=\"text-align: justify;\">El H. Ayuntamiento de Tac\u00e1mbaro a trav\u00e9s del Departamento de Cultura Municipal se complace en invitar al p\u00fablico en general al concierto homenaje al pianista tacambarense Fernando Ramos Arellano, este pr\u00f3ximo 11 de agosto a las 5 de la tarde en las instalaciones del Portal Codallos.<\/p>\n<p style=\"text-align: justify;\">Fernando Ramos Arellano fue un pianista y compositor nacido en Tac\u00e1mbaro a principios del siglo pasado. Se cas\u00f3 y se fue a vivir a M\u00e9xico, en donde ingres\u00f3 al Conservatorio de M\u00fasica en el que recibi\u00f3 clases del gran maestro Manuel M. Ponce, siendo presidente el Gral. L\u00e1zaro C\u00e1rdenas, \u00e9ste reconoci\u00f3 su gran talento y le brind\u00f3 la oportunidad de trabajar como maestro de m\u00fasica en renombradas escuelas y a lo que pr\u00e1cticamente se dedic\u00f3 al resto de su vida, adem\u00e1s de crear un extenso repertorio de obras musicales siendo la mayor\u00eda de ellas dedicadas a la ni\u00f1ez mexicana<\/p>\n<p style=\"text-align: justify;\">El nutrido programa consta de una parte c\u00edvica y otra\u00a0 cultural donde\u00a0 tendr\u00e1n una participaci\u00f3n especial el concertista Heriberto Cruz Cornejo y el tenor Antonio Moreno Z\u00fa\u00f1iga, quienes dar\u00e1n muestra del incalculable valor musical de la obra de Fernando Arellano.<\/p>\n","protected":false},"excerpt":{"rendered":"<p>CONCIERTO HOMENAJE A FERNANDO RAMOS ARELLANO El H. Ayuntamiento de Tac\u00e1mbaro a trav\u00e9s del Departamento de Cultura Municipal se complace en invitar al p\u00fablico en general al concierto homenaje al pianista tacambarense Fernando Ramos Arellano, este pr\u00f3ximo 11 de agosto a las 5 de la tarde en las instalaciones del Portal Codallos. Fernando Ramos Arellano&hellip;<\/p>\n","protected":false},"author":1,"featured_media":6214,"comment_status":"closed","ping_status":"closed","sticky":false,"template":"","format":"standard","meta":{"om_disable_all_campaigns":false,"_monsterinsights_skip_tracking":false,"_monsterinsights_sitenote_active":false,"_monsterinsights_sitenote_note":"","_monsterinsights_sitenote_category":0,"footnotes":""},"categories":[1],"tags":[],"class_list":["post-6212","post","type-post","status-publish","format-standard","has-post-thumbnail","hentry","category-uncategorized"],"aioseo_notices":[],"rttpg_featured_image_url":{"full":["https:\/\/tacambaro.gob.mx\/wp-content\/uploads\/2018\/07\/Invitaci\u00a6n-Fernando-Ramos-Arellano-min.jpg",2550,1650,false],"landscape":["https:\/\/tacambaro.gob.mx\/wp-content\/uploads\/2018\/07\/Invitaci\u00a6n-Fernando-Ramos-Arellano-min.jpg",2550,1650,false],"portraits":["https:\/\/tacambaro.gob.mx\/wp-content\/uploads\/2018\/07\/Invitaci\u00a6n-Fernando-Ramos-Arellano-min.jpg",2550,1650,false],"thumbnail":["https:\/\/tacambaro.gob.mx\/wp-content\/uploads\/2018\/07\/Invitaci\u00a6n-Fernando-Ramos-Arellano-min-150x150.jpg",150,150,true],"medium":["https:\/\/tacambaro.gob.mx\/wp-content\/uploads\/2018\/07\/Invitaci\u00a6n-Fernando-Ramos-Arellano-min-300x194.jpg",300,194,true],"large":["https:\/\/tacambaro.gob.mx\/wp-content\/uploads\/2018\/07\/Invitaci\u00a6n-Fernando-Ramos-Arellano-min-1024x663.jpg",1024,663,true],"1536x1536":["https:\/\/tacambaro.gob.mx\/wp-content\/uploads\/2018\/07\/Invitaci\u00a6n-Fernando-Ramos-Arellano-min-1536x994.jpg",1536,994,true],"2048x2048":["https:\/\/tacambaro.gob.mx\/wp-content\/uploads\/2018\/07\/Invitaci\u00a6n-Fernando-Ramos-Arellano-min-2048x1325.jpg",2048,1325,true],"post-thumbnail":["https:\/\/tacambaro.gob.mx\/wp-content\/uploads\/2018\/07\/Invitaci\u00a6n-Fernando-Ramos-Arellano-min-300x300.jpg",300,300,true],"futurio-single":["https:\/\/tacambaro.gob.mx\/wp-content\/uploads\/2018\/07\/Invitaci\u00a6n-Fernando-Ramos-Arellano-min-4x4.jpg",3,3,true],"futurio-med":["https:\/\/tacambaro.gob.mx\/wp-content\/uploads\/2018\/07\/Invitaci\u00a6n-Fernando-Ramos-Arellano-min-20x305.jpg",20,305,true],"futurio-thumbnail":["https:\/\/tacambaro.gob.mx\/wp-content\/uploads\/2018\/07\/Invitaci\u00a6n-Fernando-Ramos-Arellano-min-160x120.jpg",160,120,true]},"rttpg_author":{"display_name":"H. AYUNTAMIENTO DE TACAMBARO","author_link":"https:\/\/tacambaro.gob.mx\/?author=1"},"rttpg_comment":0,"rttpg_category":"<a href=\"https:\/\/tacambaro.gob.mx\/?cat=1\" rel=\"category\">Otras<\/a>","rttpg_excerpt":"CONCIERTO HOMENAJE A FERNANDO RAMOS ARELLANO El H. Ayuntamiento de Tac\u00e1mbaro a trav\u00e9s del Departamento de Cultura Municipal se complace en invitar al p\u00fablico en general al concierto homenaje al pianista tacambarense Fernando Ramos Arellano, este pr\u00f3ximo 11 de agosto a las 5 de la tarde en las instalaciones del Portal Codallos. Fernando Ramos Arellano&hellip;","_links":{"self":[{"href":"https:\/\/tacambaro.gob.mx\/index.php?rest_route=\/wp\/v2\/posts\/6212","targetHints":{"allow":["GET"]}}],"collection":[{"href":"https:\/\/tacambaro.gob.mx\/index.php?rest_route=\/wp\/v2\/posts"}],"about":[{"href":"https:\/\/tacambaro.gob.mx\/index.php?rest_route=\/wp\/v2\/types\/post"}],"author":[{"embeddable":true,"href":"https:\/\/tacambaro.gob.mx\/index.php?rest_route=\/wp\/v2\/users\/1"}],"replies":[{"embeddable":true,"href":"https:\/\/tacambaro.gob.mx\/index.php?rest_route=%2Fwp%2Fv2%2Fcomments&post=6212"}],"version-history":[{"count":1,"href":"https:\/\/tacambaro.gob.mx\/index.php?rest_route=\/wp\/v2\/posts\/6212\/revisions"}],"predecessor-version":[{"id":6215,"href":"https:\/\/tacambaro.gob.mx\/index.php?rest_route=\/wp\/v2\/posts\/6212\/revisions\/6215"}],"wp:featuredmedia":[{"embeddable":true,"href":"https:\/\/tacambaro.gob.mx\/index.php?rest_route=\/wp\/v2\/media\/6214"}],"wp:attachment":[{"href":"https:\/\/tacambaro.gob.mx\/index.php?rest_route=%2Fwp%2Fv2%2Fmedia&parent=6212"}],"wp:term":[{"taxonomy":"category","embeddable":true,"href":"https:\/\/tacambaro.gob.mx\/index.php?rest_route=%2Fwp%2Fv2%2Fcategories&post=6212"},{"taxonomy":"post_tag","embeddable":true,"href":"https:\/\/tacambaro.gob.mx\/index.php?rest_route=%2Fwp%2Fv2%2Ftags&post=6212"}],"curies":[{"name":"wp","href":"https:\/\/api.w.org\/{rel}","templated":true}]}}