{"id":6228,"date":"2018-08-01T15:37:47","date_gmt":"2018-08-01T15:37:47","guid":{"rendered":"http:\/\/tacambaro.gob.mx\/?p=6228"},"modified":"2018-08-01T15:37:47","modified_gmt":"2018-08-01T15:37:47","slug":"afinan-detalles-para-el-1er-festival-intercultural-japon-tacambaro","status":"publish","type":"post","link":"https:\/\/tacambaro.gob.mx\/?p=6228","title":{"rendered":"AFINAN DETALLES PARA EL 1ER FESTIVAL INTERCULTURAL JAP\u00d3N- TAC\u00c1MBARO"},"content":{"rendered":"<p style=\"text-align: center;\">AFINAN DETALLES PARA EL 1ER FESTIVAL INTERCULTURAL JAP\u00d3N- TAC\u00c1MBARO<\/p>\n<p style=\"text-align: justify;\">La ma\u00f1ana del d\u00eda martes 31 de julio se llev\u00f3 a cabo la reuni\u00f3n proyectada para afinar los detalles de lo que ser\u00e1 el Primer Festival \u201cJap\u00f3n en Tac\u00e1mbaro\u201d, que se realizar\u00e1 como parte de la celebraci\u00f3n del 130 aniversario de las relaciones amistosas entre M\u00e9xico y el pa\u00eds Asi\u00e1tico, as\u00ed como parte de los intercambios culturales proyectados con el fin de nutrir ambas culturas, con tradiciones y folklor caracter\u00edsticos de cada una.<\/p>\n<p style=\"text-align: justify;\">En esta ocasi\u00f3n se estar\u00e1 contando con la participaci\u00f3n de 8 artistas de origen nip\u00f3n, 7 del puerto de Kobe, el m\u00e1s importante de la isla y uno que actualmente radica en la ciudad de Berl\u00edn, el tema central ser\u00e1 Noche de Muertos y el tradicional Bon-Odori que se celebra entre los meses de Julio y Agosto que al igual que en M\u00e9xico, tiene un significado espiritual, donde se reciben las almas de los difuntos.<\/p>\n<p style=\"text-align: justify;\">Durante dos semanas los tacambarenses y turistas, podr\u00e1n disfrutar de eventos culturales tales como; \u201cEncuentro de 2 Culturas\u201d, 5 talleres locales, 6 talleres internacionales, un proyecto planeado en conjunto con la Universidad de Veracruz y la presentaci\u00f3n del espect\u00e1culo colectivo donde se pretende fusionar ambas culturas.<\/p>\n<p style=\"text-align: justify;\">Las actividades dar\u00e1n inicio el domingo 12 con la inauguraci\u00f3n oficial del festival en punto de las 6 de la tarde en la Explanada \u201cNicol\u00e1s de R\u00e9gules\u201d; del lunes 13 de agosto al viernes 17, se impartir\u00e1n talleres de m\u00fasica de tierra caliente, Uarhukua, danzas tradicionales, calaveras de papel mache y papel picado; del s\u00e1bado 18 al viernes 24 talleres \u201cUchiwa\u201d (Abanico), \u201cTenugui\u201d( Tela de algod\u00f3n, empleada para elaboraci\u00f3n de distintos art\u00edculos), linternas de papel, \u201cPaper Strings\u201d, Danza Bon-Odori, Taller de papiroflexia \u201cProyecto por la Paz\u201d, impartido por Ryuichi Yahagi; de la misma manera el s\u00e1bado 25 se llevar\u00e1 a cabo el espect\u00e1culo colectivo Tac\u00e1mbaro-Jap\u00f3n que pretende mezclar ambas costumbres con m\u00fasica en vivo y coreograf\u00eda, en punto de las 6 de la tarde en la \u201cExplanada Nicol\u00e1s de R\u00e9gules\u201d.<\/p>\n<p style=\"text-align: justify;\">El proyecto ser\u00e1 adem\u00e1s una excelente oportunidad de impulso al comercio ya que se pretende involucrar a productores, hoteleros y restauranteros as\u00ed como tambi\u00e9n artesanos en los distintos programas,\u00a0 y ofertar a pa\u00edses extranjeros al municipio de Tac\u00e1mbaro, como producto tur\u00edstico y una parada obligatoria de sus connacionales en su visita por el estado de Michoac\u00e1n.<\/p>\n<p style=\"text-align: justify;\">La organizaci\u00f3n estar\u00e1 a cargo del Comit\u00e9 Pueblo M\u00e1gico, H. Ayuntamiento a trav\u00e9s \u00a0de la Direcci\u00f3n de Turismo y Cultura y la participaci\u00f3n de comercios locales.<\/p>\n","protected":false},"excerpt":{"rendered":"<p>AFINAN DETALLES PARA EL 1ER FESTIVAL INTERCULTURAL JAP\u00d3N- TAC\u00c1MBARO La ma\u00f1ana del d\u00eda martes 31 de julio se llev\u00f3 a cabo la reuni\u00f3n proyectada para afinar los detalles de lo que ser\u00e1 el Primer Festival \u201cJap\u00f3n en Tac\u00e1mbaro\u201d, que se realizar\u00e1 como parte de la celebraci\u00f3n del 130 aniversario de las relaciones amistosas entre M\u00e9xico&hellip;<\/p>\n","protected":false},"author":1,"featured_media":6229,"comment_status":"closed","ping_status":"closed","sticky":false,"template":"","format":"standard","meta":{"om_disable_all_campaigns":false,"_monsterinsights_skip_tracking":false,"_monsterinsights_sitenote_active":false,"_monsterinsights_sitenote_note":"","_monsterinsights_sitenote_category":0,"footnotes":""},"categories":[1],"tags":[],"class_list":["post-6228","post","type-post","status-publish","format-standard","has-post-thumbnail","hentry","category-uncategorized"],"aioseo_notices":[],"rttpg_featured_image_url":{"full":["https:\/\/tacambaro.gob.mx\/wp-content\/uploads\/2018\/08\/51f3f16b-62e3-4beb-af1c-c9c22ed13e7b.jpg",1280,960,false],"landscape":["https:\/\/tacambaro.gob.mx\/wp-content\/uploads\/2018\/08\/51f3f16b-62e3-4beb-af1c-c9c22ed13e7b.jpg",1280,960,false],"portraits":["https:\/\/tacambaro.gob.mx\/wp-content\/uploads\/2018\/08\/51f3f16b-62e3-4beb-af1c-c9c22ed13e7b.jpg",1280,960,false],"thumbnail":["https:\/\/tacambaro.gob.mx\/wp-content\/uploads\/2018\/08\/51f3f16b-62e3-4beb-af1c-c9c22ed13e7b-150x150.jpg",150,150,true],"medium":["https:\/\/tacambaro.gob.mx\/wp-content\/uploads\/2018\/08\/51f3f16b-62e3-4beb-af1c-c9c22ed13e7b-300x225.jpg",300,225,true],"large":["https:\/\/tacambaro.gob.mx\/wp-content\/uploads\/2018\/08\/51f3f16b-62e3-4beb-af1c-c9c22ed13e7b-1024x768.jpg",1024,768,true],"1536x1536":["https:\/\/tacambaro.gob.mx\/wp-content\/uploads\/2018\/08\/51f3f16b-62e3-4beb-af1c-c9c22ed13e7b.jpg",1280,960,false],"2048x2048":["https:\/\/tacambaro.gob.mx\/wp-content\/uploads\/2018\/08\/51f3f16b-62e3-4beb-af1c-c9c22ed13e7b.jpg",1280,960,false],"post-thumbnail":["https:\/\/tacambaro.gob.mx\/wp-content\/uploads\/2018\/08\/51f3f16b-62e3-4beb-af1c-c9c22ed13e7b-300x300.jpg",300,300,true],"futurio-single":["https:\/\/tacambaro.gob.mx\/wp-content\/uploads\/2018\/08\/51f3f16b-62e3-4beb-af1c-c9c22ed13e7b-4x4.jpg",3,3,true],"futurio-med":["https:\/\/tacambaro.gob.mx\/wp-content\/uploads\/2018\/08\/51f3f16b-62e3-4beb-af1c-c9c22ed13e7b-20x305.jpg",20,305,true],"futurio-thumbnail":["https:\/\/tacambaro.gob.mx\/wp-content\/uploads\/2018\/08\/51f3f16b-62e3-4beb-af1c-c9c22ed13e7b-160x120.jpg",160,120,true]},"rttpg_author":{"display_name":"H. AYUNTAMIENTO DE TACAMBARO","author_link":"https:\/\/tacambaro.gob.mx\/?author=1"},"rttpg_comment":0,"rttpg_category":"<a href=\"https:\/\/tacambaro.gob.mx\/?cat=1\" rel=\"category\">Otras<\/a>","rttpg_excerpt":"AFINAN DETALLES PARA EL 1ER FESTIVAL INTERCULTURAL JAP\u00d3N- TAC\u00c1MBARO La ma\u00f1ana del d\u00eda martes 31 de julio se llev\u00f3 a cabo la reuni\u00f3n proyectada para afinar los detalles de lo que ser\u00e1 el Primer Festival \u201cJap\u00f3n en Tac\u00e1mbaro\u201d, que se realizar\u00e1 como parte de la celebraci\u00f3n del 130 aniversario de las relaciones amistosas entre M\u00e9xico&hellip;","_links":{"self":[{"href":"https:\/\/tacambaro.gob.mx\/index.php?rest_route=\/wp\/v2\/posts\/6228","targetHints":{"allow":["GET"]}}],"collection":[{"href":"https:\/\/tacambaro.gob.mx\/index.php?rest_route=\/wp\/v2\/posts"}],"about":[{"href":"https:\/\/tacambaro.gob.mx\/index.php?rest_route=\/wp\/v2\/types\/post"}],"author":[{"embeddable":true,"href":"https:\/\/tacambaro.gob.mx\/index.php?rest_route=\/wp\/v2\/users\/1"}],"replies":[{"embeddable":true,"href":"https:\/\/tacambaro.gob.mx\/index.php?rest_route=%2Fwp%2Fv2%2Fcomments&post=6228"}],"version-history":[{"count":1,"href":"https:\/\/tacambaro.gob.mx\/index.php?rest_route=\/wp\/v2\/posts\/6228\/revisions"}],"predecessor-version":[{"id":6230,"href":"https:\/\/tacambaro.gob.mx\/index.php?rest_route=\/wp\/v2\/posts\/6228\/revisions\/6230"}],"wp:featuredmedia":[{"embeddable":true,"href":"https:\/\/tacambaro.gob.mx\/index.php?rest_route=\/wp\/v2\/media\/6229"}],"wp:attachment":[{"href":"https:\/\/tacambaro.gob.mx\/index.php?rest_route=%2Fwp%2Fv2%2Fmedia&parent=6228"}],"wp:term":[{"taxonomy":"category","embeddable":true,"href":"https:\/\/tacambaro.gob.mx\/index.php?rest_route=%2Fwp%2Fv2%2Fcategories&post=6228"},{"taxonomy":"post_tag","embeddable":true,"href":"https:\/\/tacambaro.gob.mx\/index.php?rest_route=%2Fwp%2Fv2%2Ftags&post=6228"}],"curies":[{"name":"wp","href":"https:\/\/api.w.org\/{rel}","templated":true}]}}