{"id":6934,"date":"2018-09-18T18:27:55","date_gmt":"2018-09-18T18:27:55","guid":{"rendered":"http:\/\/tacambaro.gob.mx\/?p=6934"},"modified":"2019-10-14T16:44:41","modified_gmt":"2019-10-14T16:44:41","slug":"ing-salvador-barrera-medrano-realiza-tradicional-grito-de-independencia-en-tacambaro","status":"publish","type":"post","link":"https:\/\/tacambaro.gob.mx\/?p=6934","title":{"rendered":"ING. SALVADOR BARRERA MEDRANO, REALIZA TRADICIONAL GRITO DE INDEPENDENCIA EN TAC\u00c1MBARO."},"content":{"rendered":"<p>Como ya es costumbre en el balc\u00f3n de la tierra caliente y para dar inicio con las celebraciones del 15 de septiembre, se llev\u00f3 a cabo una tarde cultural en la explanada \u00abNicol\u00e1s de R\u00e9gules\u00bb en Tac\u00e1mbaro.<br \/>\nPosteriormente, el Ing. Salvador Barrera Medrano, presidente municipal de Tac\u00e1mbaro acompa\u00f1ado de su cabildo, el Coronel de la 5ta. C.I.N.E. Gary Roy Hern\u00e1ndez y el comit\u00e9 fiestas patrias , realizaron la presentaci\u00f3n de las se\u00f1oritas fiestas patrias 2018.<br \/>\nAraceli \u00c1valos Ornelas, se\u00f1orita Patria representando a la Uni\u00f3n de Taxistas \u00abSitio Ju\u00e1rez\u00bb, Yulisa Trinidad Hern\u00e1ndez, se\u00f1orita Independencia representando a los comerciantes tacambarenses y Evelyn Gani\u00f1o Guzm\u00e1n, se\u00f1orita Libertad representando a la Uni\u00f3n de Charros \u00abLa Golondrina\u00bb.<br \/>\nActo seguido, arrib\u00f3 el \u00abFuego Simb\u00f3lico\u00bb a nuestro Pueblo M\u00e1gico, el cual fue recibido por el edil tacambarense y que permanecer\u00e1 en el centro hist\u00f3rico de la Heroica Ciudad de Tac\u00e1mbaro de Codallos.<br \/>\nDespu\u00e9s de que el Secretario Municipal, Lic. Mart\u00edn Acosta Reyes realizara la lectura del Acta de Independencia, el Ing. Salvador Barrera Medrano, realiz\u00f3 el tradicional Grito de Independencia en el balc\u00f3n del Palacio Municipal, acompa\u00f1ado de su se\u00f1ora esposa, C.P. Esbeidy Mayde Pedraza Garc\u00eda, el Coronel de la 5ta C.I.N.E Gary Roy Hern\u00e1ndez y por supuesto la ciudadan\u00eda tacambarense.<\/p>\n","protected":false},"excerpt":{"rendered":"<p>Como ya es costumbre en el balc\u00f3n de la tierra caliente y para dar inicio con las celebraciones del 15 de septiembre, se llev\u00f3 a cabo una tarde cultural en la explanada \u00abNicol\u00e1s de R\u00e9gules\u00bb en Tac\u00e1mbaro. Posteriormente, el Ing. Salvador Barrera Medrano, presidente municipal de Tac\u00e1mbaro acompa\u00f1ado de su cabildo, el Coronel de la&hellip;<\/p>\n","protected":false},"author":1,"featured_media":6935,"comment_status":"closed","ping_status":"closed","sticky":false,"template":"","format":"standard","meta":{"om_disable_all_campaigns":false,"_monsterinsights_skip_tracking":false,"_monsterinsights_sitenote_active":false,"_monsterinsights_sitenote_note":"","_monsterinsights_sitenote_category":0,"footnotes":""},"categories":[1],"tags":[],"class_list":["post-6934","post","type-post","status-publish","format-standard","has-post-thumbnail","hentry","category-uncategorized"],"aioseo_notices":[],"rttpg_featured_image_url":{"full":["https:\/\/tacambaro.gob.mx\/wp-content\/uploads\/2019\/10\/IMG_20180915_212635_1-scaled.jpg",2560,1920,false],"landscape":["https:\/\/tacambaro.gob.mx\/wp-content\/uploads\/2019\/10\/IMG_20180915_212635_1-scaled.jpg",2560,1920,false],"portraits":["https:\/\/tacambaro.gob.mx\/wp-content\/uploads\/2019\/10\/IMG_20180915_212635_1-scaled.jpg",2560,1920,false],"thumbnail":["https:\/\/tacambaro.gob.mx\/wp-content\/uploads\/2019\/10\/IMG_20180915_212635_1-150x150.jpg",150,150,true],"medium":["https:\/\/tacambaro.gob.mx\/wp-content\/uploads\/2019\/10\/IMG_20180915_212635_1-300x225.jpg",300,225,true],"large":["https:\/\/tacambaro.gob.mx\/wp-content\/uploads\/2019\/10\/IMG_20180915_212635_1-1024x768.jpg",1024,768,true],"1536x1536":["https:\/\/tacambaro.gob.mx\/wp-content\/uploads\/2019\/10\/IMG_20180915_212635_1-1536x1152.jpg",1536,1152,true],"2048x2048":["https:\/\/tacambaro.gob.mx\/wp-content\/uploads\/2019\/10\/IMG_20180915_212635_1-2048x1536.jpg",2048,1536,true],"post-thumbnail":["https:\/\/tacambaro.gob.mx\/wp-content\/uploads\/2019\/10\/IMG_20180915_212635_1-300x300.jpg",300,300,true],"futurio-single":["https:\/\/tacambaro.gob.mx\/wp-content\/uploads\/2019\/10\/IMG_20180915_212635_1-4x4.jpg",3,3,true],"futurio-med":["https:\/\/tacambaro.gob.mx\/wp-content\/uploads\/2019\/10\/IMG_20180915_212635_1-20x305.jpg",20,305,true],"futurio-thumbnail":["https:\/\/tacambaro.gob.mx\/wp-content\/uploads\/2019\/10\/IMG_20180915_212635_1-160x120.jpg",160,120,true]},"rttpg_author":{"display_name":"H. AYUNTAMIENTO DE TACAMBARO","author_link":"https:\/\/tacambaro.gob.mx\/?author=1"},"rttpg_comment":0,"rttpg_category":"<a href=\"https:\/\/tacambaro.gob.mx\/?cat=1\" rel=\"category\">Otras<\/a>","rttpg_excerpt":"Como ya es costumbre en el balc\u00f3n de la tierra caliente y para dar inicio con las celebraciones del 15 de septiembre, se llev\u00f3 a cabo una tarde cultural en la explanada \u00abNicol\u00e1s de R\u00e9gules\u00bb en Tac\u00e1mbaro. Posteriormente, el Ing. Salvador Barrera Medrano, presidente municipal de Tac\u00e1mbaro acompa\u00f1ado de su cabildo, el Coronel de la&hellip;","_links":{"self":[{"href":"https:\/\/tacambaro.gob.mx\/index.php?rest_route=\/wp\/v2\/posts\/6934","targetHints":{"allow":["GET"]}}],"collection":[{"href":"https:\/\/tacambaro.gob.mx\/index.php?rest_route=\/wp\/v2\/posts"}],"about":[{"href":"https:\/\/tacambaro.gob.mx\/index.php?rest_route=\/wp\/v2\/types\/post"}],"author":[{"embeddable":true,"href":"https:\/\/tacambaro.gob.mx\/index.php?rest_route=\/wp\/v2\/users\/1"}],"replies":[{"embeddable":true,"href":"https:\/\/tacambaro.gob.mx\/index.php?rest_route=%2Fwp%2Fv2%2Fcomments&post=6934"}],"version-history":[{"count":2,"href":"https:\/\/tacambaro.gob.mx\/index.php?rest_route=\/wp\/v2\/posts\/6934\/revisions"}],"predecessor-version":[{"id":6938,"href":"https:\/\/tacambaro.gob.mx\/index.php?rest_route=\/wp\/v2\/posts\/6934\/revisions\/6938"}],"wp:featuredmedia":[{"embeddable":true,"href":"https:\/\/tacambaro.gob.mx\/index.php?rest_route=\/wp\/v2\/media\/6935"}],"wp:attachment":[{"href":"https:\/\/tacambaro.gob.mx\/index.php?rest_route=%2Fwp%2Fv2%2Fmedia&parent=6934"}],"wp:term":[{"taxonomy":"category","embeddable":true,"href":"https:\/\/tacambaro.gob.mx\/index.php?rest_route=%2Fwp%2Fv2%2Fcategories&post=6934"},{"taxonomy":"post_tag","embeddable":true,"href":"https:\/\/tacambaro.gob.mx\/index.php?rest_route=%2Fwp%2Fv2%2Ftags&post=6934"}],"curies":[{"name":"wp","href":"https:\/\/api.w.org\/{rel}","templated":true}]}}