{"id":6939,"date":"2018-09-18T18:41:17","date_gmt":"2018-09-18T18:41:17","guid":{"rendered":"http:\/\/tacambaro.gob.mx\/?p=6939"},"modified":"2019-10-14T16:43:09","modified_gmt":"2019-10-14T16:43:09","slug":"ing-salvador-barrera-medrano-encabeza-tradicional-desfile-para-conmemorar-el-ccviii-aniversario-de-la-independencia","status":"publish","type":"post","link":"https:\/\/tacambaro.gob.mx\/?p=6939","title":{"rendered":"ING. SALVADOR BARRERA MEDRANO ENCABEZA TRADICIONAL DESFILE PARA CONMEMORAR EL CCVIII ANIVERSARIO DE LA INDEPENDENCIA."},"content":{"rendered":"<p>El H. Ayuntamiento de Tac\u00e1mbaro 2018-2021 que preside el  Ing. Salvador Barrera Medrano, en coordinaci\u00f3n con la Escuela Primaria \u00abProfesor Enrique Aguilar Gonz\u00e1lez\u00bb, realizaron un acto c\u00edvico y entrega de ofrenda floral en honor a don Miguel Hidalgo y Costilla, en el parque que lleva el mismo nombre.<br \/>\nEl presidente municipal y la S\u00edndico Municipal Eva Mar\u00eda Barriga Reyes, fueron los encargados de montar la guardia de honor al pie del busto del Padre de la Patria, y fue as\u00ed como se di\u00f3 inicio a las festividades ante la conmemoraci\u00f3n del CCVIII de la independencia de M\u00e9xico.<br \/>\nPosteriormente, en la explanada \u00abNicol\u00e1s de R\u00e9gules\u00bb, se llev\u00f3 a cabo el acto c\u00edvico-militar, previo al tradicional desfile del 16 de septiembre que recorre las principales calles del centro hist\u00f3rico de Tac\u00e1mbaro.<br \/>\nEl edil tacambarense, Ing. Salvador Barrera Medrano, agradeci\u00f3 la participaci\u00f3n y  la organizaci\u00f3n de la Escuela Primaria Pablo Neruda turno matutino, as\u00ed como de todas las instituciones educativas que hacen posible este importante evento.<br \/>\n\u00abEs de suma importancia la participaci\u00f3n de todos, instituciones educativas, gobierno y sociedad para que podamos celebrar los hechos hist\u00f3ricos que ocurrieron un 16 de septiembre de 1810 y que nos dieron a los mexicanos independencia, libertad y justicia\u00bb, se\u00f1al\u00f3 Barrera Medrano en su intervenci\u00f3n.<br \/>\nAl finalizar el acto, en el que adem\u00e1s la escuela organizadora escenific\u00f3 el momento con el que se diera inicio al movimiento de Independencia, el presidente municipal procedi\u00f3 a encabezar los contingentes del desfile, seguido del cuerpo de regidores, funcionarios del Ayuntamiento, la escolta de Seguridad P\u00fablica, instituciones educativas p\u00fablicas y privadas de nivel primaria, secundaria, medio superior y superior.<br \/>\nA los contingentes antes mencionados se sumaron, para cerrar el recorrido, los militares de la 5ta. Compa\u00f1\u00eda de Infanter\u00eda No Encuadrada, las se\u00f1oritas fiestas patrias, los hombres de a caballo y los carros aleg\u00f3ricos.<\/p>\n","protected":false},"excerpt":{"rendered":"<p>El H. Ayuntamiento de Tac\u00e1mbaro 2018-2021 que preside el Ing. Salvador Barrera Medrano, en coordinaci\u00f3n con la Escuela Primaria \u00abProfesor Enrique Aguilar Gonz\u00e1lez\u00bb, realizaron un acto c\u00edvico y entrega de ofrenda floral en honor a don Miguel Hidalgo y Costilla, en el parque que lleva el mismo nombre. El presidente municipal y la S\u00edndico Municipal&hellip;<\/p>\n","protected":false},"author":1,"featured_media":6940,"comment_status":"closed","ping_status":"closed","sticky":false,"template":"","format":"standard","meta":{"om_disable_all_campaigns":false,"_monsterinsights_skip_tracking":false,"_monsterinsights_sitenote_active":false,"_monsterinsights_sitenote_note":"","_monsterinsights_sitenote_category":0,"footnotes":""},"categories":[1],"tags":[],"class_list":["post-6939","post","type-post","status-publish","format-standard","has-post-thumbnail","hentry","category-uncategorized"],"aioseo_notices":[],"rttpg_featured_image_url":{"full":["https:\/\/tacambaro.gob.mx\/wp-content\/uploads\/2019\/10\/IMG_20180916_101700-scaled.jpg",2560,1920,false],"landscape":["https:\/\/tacambaro.gob.mx\/wp-content\/uploads\/2019\/10\/IMG_20180916_101700-scaled.jpg",2560,1920,false],"portraits":["https:\/\/tacambaro.gob.mx\/wp-content\/uploads\/2019\/10\/IMG_20180916_101700-scaled.jpg",2560,1920,false],"thumbnail":["https:\/\/tacambaro.gob.mx\/wp-content\/uploads\/2019\/10\/IMG_20180916_101700-150x150.jpg",150,150,true],"medium":["https:\/\/tacambaro.gob.mx\/wp-content\/uploads\/2019\/10\/IMG_20180916_101700-300x225.jpg",300,225,true],"large":["https:\/\/tacambaro.gob.mx\/wp-content\/uploads\/2019\/10\/IMG_20180916_101700-1024x768.jpg",1024,768,true],"1536x1536":["https:\/\/tacambaro.gob.mx\/wp-content\/uploads\/2019\/10\/IMG_20180916_101700-1536x1152.jpg",1536,1152,true],"2048x2048":["https:\/\/tacambaro.gob.mx\/wp-content\/uploads\/2019\/10\/IMG_20180916_101700-2048x1536.jpg",2048,1536,true],"post-thumbnail":["https:\/\/tacambaro.gob.mx\/wp-content\/uploads\/2019\/10\/IMG_20180916_101700-300x300.jpg",300,300,true],"futurio-single":["https:\/\/tacambaro.gob.mx\/wp-content\/uploads\/2019\/10\/IMG_20180916_101700-4x4.jpg",3,3,true],"futurio-med":["https:\/\/tacambaro.gob.mx\/wp-content\/uploads\/2019\/10\/IMG_20180916_101700-20x305.jpg",20,305,true],"futurio-thumbnail":["https:\/\/tacambaro.gob.mx\/wp-content\/uploads\/2019\/10\/IMG_20180916_101700-160x120.jpg",160,120,true]},"rttpg_author":{"display_name":"H. AYUNTAMIENTO DE TACAMBARO","author_link":"https:\/\/tacambaro.gob.mx\/?author=1"},"rttpg_comment":0,"rttpg_category":"<a href=\"https:\/\/tacambaro.gob.mx\/?cat=1\" rel=\"category\">Otras<\/a>","rttpg_excerpt":"El H. Ayuntamiento de Tac\u00e1mbaro 2018-2021 que preside el Ing. Salvador Barrera Medrano, en coordinaci\u00f3n con la Escuela Primaria \u00abProfesor Enrique Aguilar Gonz\u00e1lez\u00bb, realizaron un acto c\u00edvico y entrega de ofrenda floral en honor a don Miguel Hidalgo y Costilla, en el parque que lleva el mismo nombre. El presidente municipal y la S\u00edndico Municipal&hellip;","_links":{"self":[{"href":"https:\/\/tacambaro.gob.mx\/index.php?rest_route=\/wp\/v2\/posts\/6939","targetHints":{"allow":["GET"]}}],"collection":[{"href":"https:\/\/tacambaro.gob.mx\/index.php?rest_route=\/wp\/v2\/posts"}],"about":[{"href":"https:\/\/tacambaro.gob.mx\/index.php?rest_route=\/wp\/v2\/types\/post"}],"author":[{"embeddable":true,"href":"https:\/\/tacambaro.gob.mx\/index.php?rest_route=\/wp\/v2\/users\/1"}],"replies":[{"embeddable":true,"href":"https:\/\/tacambaro.gob.mx\/index.php?rest_route=%2Fwp%2Fv2%2Fcomments&post=6939"}],"version-history":[{"count":1,"href":"https:\/\/tacambaro.gob.mx\/index.php?rest_route=\/wp\/v2\/posts\/6939\/revisions"}],"predecessor-version":[{"id":6941,"href":"https:\/\/tacambaro.gob.mx\/index.php?rest_route=\/wp\/v2\/posts\/6939\/revisions\/6941"}],"wp:featuredmedia":[{"embeddable":true,"href":"https:\/\/tacambaro.gob.mx\/index.php?rest_route=\/wp\/v2\/media\/6940"}],"wp:attachment":[{"href":"https:\/\/tacambaro.gob.mx\/index.php?rest_route=%2Fwp%2Fv2%2Fmedia&parent=6939"}],"wp:term":[{"taxonomy":"category","embeddable":true,"href":"https:\/\/tacambaro.gob.mx\/index.php?rest_route=%2Fwp%2Fv2%2Fcategories&post=6939"},{"taxonomy":"post_tag","embeddable":true,"href":"https:\/\/tacambaro.gob.mx\/index.php?rest_route=%2Fwp%2Fv2%2Ftags&post=6939"}],"curies":[{"name":"wp","href":"https:\/\/api.w.org\/{rel}","templated":true}]}}