{"id":9528,"date":"2020-06-23T20:06:47","date_gmt":"2020-06-23T20:06:47","guid":{"rendered":"http:\/\/tacambaro.gob.mx\/?p=9528"},"modified":"2020-07-17T20:09:43","modified_gmt":"2020-07-17T20:09:43","slug":"a-causa-del-covid-19-estamos-viendo-caer-a-los-amigos-a-extremar-precauciones-llama-virgilio-almazan-gomez","status":"publish","type":"post","link":"https:\/\/tacambaro.gob.mx\/?p=9528","title":{"rendered":"<h2><span style=\"color: #ffcc00;\"> A causa del COVID-19 estamos viendo caer a los amigos, a extremar precauciones llama Virgilio Almaz\u00e1n G\u00f3mez. <\/span><\/h2>"},"content":{"rendered":"<p>\u2022\tEl Secretario Municipal sensibiliz\u00f3 al Jefe de Tenencia y Encargados del Orden de Paso de Morelos.<br \/>\n   \u201cA causa del COVID-19 estamos viendo caer a  los amigos, es un virus real que est\u00e1 entre nosotros\u201d, as\u00ed lo expres\u00f3 el Secretario Municipal, Prof. Virgilio Almaz\u00e1n G\u00f3mez, ante el Jefe de Tenencia y Encargados del Orden de Paso de Morelos, a quienes sensibiliz\u00f3 en la prevenci\u00f3n y el protocolo de actuaci\u00f3n ante casos sospechosos del virus SARS-CoV2.<br \/>\n   Lo anterior, debido  a que Paso de Morelos aunque hasta el momento no presenta ning\u00fan caso confirmado, es un camino  obligado de varias personas procedentes de municipios donde tambi\u00e9n est\u00e1n confirmados casos, entre ellos  Huetamo, por lo que es importante que las personas conozcan e implementen las medidas preventivas, enfatizando m\u00e1s en aquellos comercios que se ubican a orilla de carretera.<br \/>\n   En representaci\u00f3n del Presidente Municipal, Ing. Salvador Barrera Medrano, el Secretario Municipal, destac\u00f3 la importancia de que la gente deje  a un lado la incredulidad ya que eso permite la atenci\u00f3n temprana  y sepa qu\u00e9 hacer en casos de sospecha, resaltando los s\u00edntomas de fiebre alta, tos seca, dolor de cabeza y garganta, catarro y dificultad para respirar, que con sugestivos de la infecci\u00f3n por Coronavirus.<br \/>\n   Dijo que los sectores vulnerables son los m\u00e1s afectados, como las personas que padecen enfermedades cr\u00f3nicas, entre ellas diabetes, hipertensi\u00f3n, c\u00e1ncer, respiratorias y quienes tienen deficiente su sistema inmunol\u00f3gico, adem\u00e1s de los adultos mayores; por lo que hizo un llamado a cuidarlos.<br \/>\n   Por ello, invit\u00f3 a los asistentes a ser portadores de la informaci\u00f3n entre los habitantes de sus localidades, destacando no acudir a sitios concurridos, usar el cubrebocas, lavado constante de manos con agua y jab\u00f3n y si esto no es posible el uso de gel alcoholado y respetar la sana distancia entre las personas, invit\u00e1ndolos a acudir a Tac\u00e1mbaro solamente una persona para no exponer a la familia.<br \/>\n   Ante casos sospechosos, Almaz\u00e1n G\u00f3mez los invit\u00f3 a avisar a las autoridades, ya sea al Jefe de Tenencia a al personal del Ayuntamiento, poniendo a disposici\u00f3n el n\u00famero 459 59 6 10 77, de la Coordinaci\u00f3n Municipal de Protecci\u00f3n Civil para la atenci\u00f3n.<br \/>\n   A pregunta expresa de uno de los Encargados, el Funcionario Municipal dijo que el Ayuntamiento est\u00e1  apoyando con despensas a quienes se mantienen aislados por ser casos sospechosos, a efecto de evitar que salgan y sean trasmisores del virus.<br \/>\n   Durante la reuni\u00f3n, que se efectu\u00f3 dentro del Plan de Atenci\u00f3n Transversal para la Salud y el Empleo, tambi\u00e9n estuvieron presentes Iv\u00e1n Sinhu\u00e9 Molina Gallegos, Director de Reglamentos, Inspecci\u00f3n y Vigilancia, Gerardo Aguilar Barajas, Auxiliar de la misma y L\u00e1zaro Arreola Arreola, Jefe de tenencia de Paso de Morelos.<\/p>\n","protected":false},"excerpt":{"rendered":"<p>\u2022 El Secretario Municipal sensibiliz\u00f3 al Jefe de Tenencia y Encargados del Orden de Paso de Morelos. \u201cA causa del COVID-19 estamos viendo caer a los amigos, es un virus real que est\u00e1 entre nosotros\u201d, as\u00ed lo expres\u00f3 el Secretario Municipal, Prof. Virgilio Almaz\u00e1n G\u00f3mez, ante el Jefe de Tenencia y Encargados del Orden de&hellip;<\/p>\n","protected":false},"author":1,"featured_media":9529,"comment_status":"closed","ping_status":"closed","sticky":false,"template":"","format":"standard","meta":{"om_disable_all_campaigns":false,"_monsterinsights_skip_tracking":false,"_monsterinsights_sitenote_active":false,"_monsterinsights_sitenote_note":"","_monsterinsights_sitenote_category":0,"footnotes":""},"categories":[1],"tags":[],"class_list":["post-9528","post","type-post","status-publish","format-standard","has-post-thumbnail","hentry","category-uncategorized"],"aioseo_notices":[],"rttpg_featured_image_url":{"full":["https:\/\/tacambaro.gob.mx\/wp-content\/uploads\/2020\/07\/IMG_4244-scaled.jpg",2560,1707,false],"landscape":["https:\/\/tacambaro.gob.mx\/wp-content\/uploads\/2020\/07\/IMG_4244-scaled.jpg",2560,1707,false],"portraits":["https:\/\/tacambaro.gob.mx\/wp-content\/uploads\/2020\/07\/IMG_4244-scaled.jpg",2560,1707,false],"thumbnail":["https:\/\/tacambaro.gob.mx\/wp-content\/uploads\/2020\/07\/IMG_4244-150x150.jpg",150,150,true],"medium":["https:\/\/tacambaro.gob.mx\/wp-content\/uploads\/2020\/07\/IMG_4244-300x200.jpg",300,200,true],"large":["https:\/\/tacambaro.gob.mx\/wp-content\/uploads\/2020\/07\/IMG_4244-1024x683.jpg",1024,683,true],"1536x1536":["https:\/\/tacambaro.gob.mx\/wp-content\/uploads\/2020\/07\/IMG_4244-1536x1024.jpg",1536,1024,true],"2048x2048":["https:\/\/tacambaro.gob.mx\/wp-content\/uploads\/2020\/07\/IMG_4244-2048x1365.jpg",2048,1365,true],"post-thumbnail":["https:\/\/tacambaro.gob.mx\/wp-content\/uploads\/2020\/07\/IMG_4244-300x300.jpg",300,300,true],"futurio-single":["https:\/\/tacambaro.gob.mx\/wp-content\/uploads\/2020\/07\/IMG_4244-4x4.jpg",3,3,true],"futurio-med":["https:\/\/tacambaro.gob.mx\/wp-content\/uploads\/2020\/07\/IMG_4244-20x305.jpg",20,305,true],"futurio-thumbnail":["https:\/\/tacambaro.gob.mx\/wp-content\/uploads\/2020\/07\/IMG_4244-160x120.jpg",160,120,true]},"rttpg_author":{"display_name":"H. AYUNTAMIENTO DE TACAMBARO","author_link":"https:\/\/tacambaro.gob.mx\/?author=1"},"rttpg_comment":0,"rttpg_category":"<a href=\"https:\/\/tacambaro.gob.mx\/?cat=1\" rel=\"category\">Otras<\/a>","rttpg_excerpt":"\u2022 El Secretario Municipal sensibiliz\u00f3 al Jefe de Tenencia y Encargados del Orden de Paso de Morelos. \u201cA causa del COVID-19 estamos viendo caer a los amigos, es un virus real que est\u00e1 entre nosotros\u201d, as\u00ed lo expres\u00f3 el Secretario Municipal, Prof. Virgilio Almaz\u00e1n G\u00f3mez, ante el Jefe de Tenencia y Encargados del Orden de&hellip;","_links":{"self":[{"href":"https:\/\/tacambaro.gob.mx\/index.php?rest_route=\/wp\/v2\/posts\/9528","targetHints":{"allow":["GET"]}}],"collection":[{"href":"https:\/\/tacambaro.gob.mx\/index.php?rest_route=\/wp\/v2\/posts"}],"about":[{"href":"https:\/\/tacambaro.gob.mx\/index.php?rest_route=\/wp\/v2\/types\/post"}],"author":[{"embeddable":true,"href":"https:\/\/tacambaro.gob.mx\/index.php?rest_route=\/wp\/v2\/users\/1"}],"replies":[{"embeddable":true,"href":"https:\/\/tacambaro.gob.mx\/index.php?rest_route=%2Fwp%2Fv2%2Fcomments&post=9528"}],"version-history":[{"count":1,"href":"https:\/\/tacambaro.gob.mx\/index.php?rest_route=\/wp\/v2\/posts\/9528\/revisions"}],"predecessor-version":[{"id":9530,"href":"https:\/\/tacambaro.gob.mx\/index.php?rest_route=\/wp\/v2\/posts\/9528\/revisions\/9530"}],"wp:featuredmedia":[{"embeddable":true,"href":"https:\/\/tacambaro.gob.mx\/index.php?rest_route=\/wp\/v2\/media\/9529"}],"wp:attachment":[{"href":"https:\/\/tacambaro.gob.mx\/index.php?rest_route=%2Fwp%2Fv2%2Fmedia&parent=9528"}],"wp:term":[{"taxonomy":"category","embeddable":true,"href":"https:\/\/tacambaro.gob.mx\/index.php?rest_route=%2Fwp%2Fv2%2Fcategories&post=9528"},{"taxonomy":"post_tag","embeddable":true,"href":"https:\/\/tacambaro.gob.mx\/index.php?rest_route=%2Fwp%2Fv2%2Ftags&post=9528"}],"curies":[{"name":"wp","href":"https:\/\/api.w.org\/{rel}","templated":true}]}}