{"id":9532,"date":"2020-06-24T15:35:11","date_gmt":"2020-06-24T15:35:11","guid":{"rendered":"http:\/\/tacambaro.gob.mx\/?p=9532"},"modified":"2020-07-20T15:42:25","modified_gmt":"2020-07-20T15:42:25","slug":"con-restricciones-reiniciaran-las-actividades-deportivas-de-manera-gradual-en-el-municipio-de-tacambaro","status":"publish","type":"post","link":"https:\/\/tacambaro.gob.mx\/?p=9532","title":{"rendered":"<h2><span style=\"color: #ffcc00;\">Con restricciones, reiniciar\u00e1n las actividades deportivas de manera gradual en el municipio de Tac\u00e1mbaro.  <\/span><\/h2>"},"content":{"rendered":"<p>\u2022\tSi el sem\u00e1foro cambia a color amarillo, se retomar\u00e1 la suspensi\u00f3n temporal de los eventos.<br \/>\n   A partir del mes de Julio se retomar\u00e1n las actividades deportivas en el municipio de Tac\u00e1mbaro de manera gradual y con  restricciones, lo cual fue acordado tras llevar a cabo una reuni\u00f3n que fue presidida por el Secretario del Ayuntamiento, Prof. Virgilio Almaz\u00e1n G\u00f3mez, en representaci\u00f3n del Presidente Municipal, Ing. Salvador Barrera Medrano, como parte del Plan de Atenci\u00f3n Transversal para la Salud y el Empleo.<br \/>\n   La intenci\u00f3n, explic\u00f3 el Secretario Municipal, es evitar que crezca el n\u00famero  de contagios al reaperturar las actividades deportivas, por lo que invit\u00f3 a los asistentes, representantes de varias ligas, a actuar con conciencia y responsabilidad, siendo portadores de la informaci\u00f3n con los delegados y los jugadores.<br \/>\n   Se acord\u00f3 que no se permitir\u00e1 la venta, ni consumo de bebidas alcoh\u00f3licas dentro ni fuera de las instalaciones donde se lleven a cabo los eventos deportivos y de igual forma no ser\u00e1 permitido que asista p\u00fablico a presenciarlos, por lo que se tendr\u00e1n  que desarrollar \u00fanicamente con las personas que participan por equipo.<br \/>\n   Se deber\u00e1n de retirar del lugar a sus hogares inmediatamente terminando el evento deportivo, se recortar\u00e1n los tiempos de cada partido en un 2% y se usar\u00e1 gel antibacterial y \/ o agua con jab\u00f3n; acord\u00e1ndose que si la bandera que hasta el d\u00eda de hoy se mantiene en color verde, cambiara a color amarillo que implica mayor riesgo, nuevamente se suspender\u00e1n temporalmente los eventos.<br \/>\n   Se dijo que de cada liga depende iniciar o posponer unos d\u00edas m\u00e1s el reinicio de las actividades, pero se recalc\u00f3 que se deben implementar las medidas preventivas acordadas, ya que al hacer recorridos de vigilancia si se detecta el incumplimiento ser\u00e1n suspendidas.<br \/>\n   Los representantes de las ligas que no estuvieron presentes en  la reuni\u00f3n deber\u00e1n acudir  a la Presidencia Municipal para firmar los acuerdos establecidos que permitan retomar sus actividades.<br \/>\n   Estuvieron presentes tambi\u00e9n el Regidor Rafael Maldonado Sald\u00edvar, Javier Molina G\u00f3mez, Director de Desarrollo Social y Humano, Iv\u00e1n Sinhu\u00e9 Molina Gallegos, Director de Reglamentos y Jahir Ortega S\u00e1nchez, Coordinador Municipal del Deporte.<\/p>\n","protected":false},"excerpt":{"rendered":"<p>\u2022 Si el sem\u00e1foro cambia a color amarillo, se retomar\u00e1 la suspensi\u00f3n temporal de los eventos. A partir del mes de Julio se retomar\u00e1n las actividades deportivas en el municipio de Tac\u00e1mbaro de manera gradual y con restricciones, lo cual fue acordado tras llevar a cabo una reuni\u00f3n que fue presidida por el Secretario del&hellip;<\/p>\n","protected":false},"author":1,"featured_media":9533,"comment_status":"closed","ping_status":"closed","sticky":false,"template":"","format":"standard","meta":{"om_disable_all_campaigns":false,"_monsterinsights_skip_tracking":false,"_monsterinsights_sitenote_active":false,"_monsterinsights_sitenote_note":"","_monsterinsights_sitenote_category":0,"footnotes":""},"categories":[1],"tags":[],"class_list":["post-9532","post","type-post","status-publish","format-standard","has-post-thumbnail","hentry","category-uncategorized"],"aioseo_notices":[],"rttpg_featured_image_url":{"full":["https:\/\/tacambaro.gob.mx\/wp-content\/uploads\/2020\/07\/IMG-20200624-WA0036.jpg",1152,864,false],"landscape":["https:\/\/tacambaro.gob.mx\/wp-content\/uploads\/2020\/07\/IMG-20200624-WA0036.jpg",1152,864,false],"portraits":["https:\/\/tacambaro.gob.mx\/wp-content\/uploads\/2020\/07\/IMG-20200624-WA0036.jpg",1152,864,false],"thumbnail":["https:\/\/tacambaro.gob.mx\/wp-content\/uploads\/2020\/07\/IMG-20200624-WA0036-150x150.jpg",150,150,true],"medium":["https:\/\/tacambaro.gob.mx\/wp-content\/uploads\/2020\/07\/IMG-20200624-WA0036-300x225.jpg",300,225,true],"large":["https:\/\/tacambaro.gob.mx\/wp-content\/uploads\/2020\/07\/IMG-20200624-WA0036-1024x768.jpg",1024,768,true],"1536x1536":["https:\/\/tacambaro.gob.mx\/wp-content\/uploads\/2020\/07\/IMG-20200624-WA0036.jpg",1152,864,false],"2048x2048":["https:\/\/tacambaro.gob.mx\/wp-content\/uploads\/2020\/07\/IMG-20200624-WA0036.jpg",1152,864,false],"post-thumbnail":["https:\/\/tacambaro.gob.mx\/wp-content\/uploads\/2020\/07\/IMG-20200624-WA0036-300x300.jpg",300,300,true],"futurio-single":["https:\/\/tacambaro.gob.mx\/wp-content\/uploads\/2020\/07\/IMG-20200624-WA0036-4x4.jpg",3,3,true],"futurio-med":["https:\/\/tacambaro.gob.mx\/wp-content\/uploads\/2020\/07\/IMG-20200624-WA0036-20x305.jpg",20,305,true],"futurio-thumbnail":["https:\/\/tacambaro.gob.mx\/wp-content\/uploads\/2020\/07\/IMG-20200624-WA0036-160x120.jpg",160,120,true]},"rttpg_author":{"display_name":"H. AYUNTAMIENTO DE TACAMBARO","author_link":"https:\/\/tacambaro.gob.mx\/?author=1"},"rttpg_comment":0,"rttpg_category":"<a href=\"https:\/\/tacambaro.gob.mx\/?cat=1\" rel=\"category\">Otras<\/a>","rttpg_excerpt":"\u2022 Si el sem\u00e1foro cambia a color amarillo, se retomar\u00e1 la suspensi\u00f3n temporal de los eventos. A partir del mes de Julio se retomar\u00e1n las actividades deportivas en el municipio de Tac\u00e1mbaro de manera gradual y con restricciones, lo cual fue acordado tras llevar a cabo una reuni\u00f3n que fue presidida por el Secretario del&hellip;","_links":{"self":[{"href":"https:\/\/tacambaro.gob.mx\/index.php?rest_route=\/wp\/v2\/posts\/9532","targetHints":{"allow":["GET"]}}],"collection":[{"href":"https:\/\/tacambaro.gob.mx\/index.php?rest_route=\/wp\/v2\/posts"}],"about":[{"href":"https:\/\/tacambaro.gob.mx\/index.php?rest_route=\/wp\/v2\/types\/post"}],"author":[{"embeddable":true,"href":"https:\/\/tacambaro.gob.mx\/index.php?rest_route=\/wp\/v2\/users\/1"}],"replies":[{"embeddable":true,"href":"https:\/\/tacambaro.gob.mx\/index.php?rest_route=%2Fwp%2Fv2%2Fcomments&post=9532"}],"version-history":[{"count":1,"href":"https:\/\/tacambaro.gob.mx\/index.php?rest_route=\/wp\/v2\/posts\/9532\/revisions"}],"predecessor-version":[{"id":9534,"href":"https:\/\/tacambaro.gob.mx\/index.php?rest_route=\/wp\/v2\/posts\/9532\/revisions\/9534"}],"wp:featuredmedia":[{"embeddable":true,"href":"https:\/\/tacambaro.gob.mx\/index.php?rest_route=\/wp\/v2\/media\/9533"}],"wp:attachment":[{"href":"https:\/\/tacambaro.gob.mx\/index.php?rest_route=%2Fwp%2Fv2%2Fmedia&parent=9532"}],"wp:term":[{"taxonomy":"category","embeddable":true,"href":"https:\/\/tacambaro.gob.mx\/index.php?rest_route=%2Fwp%2Fv2%2Fcategories&post=9532"},{"taxonomy":"post_tag","embeddable":true,"href":"https:\/\/tacambaro.gob.mx\/index.php?rest_route=%2Fwp%2Fv2%2Ftags&post=9532"}],"curies":[{"name":"wp","href":"https:\/\/api.w.org\/{rel}","templated":true}]}}