{"id":9538,"date":"2020-06-29T15:48:58","date_gmt":"2020-06-29T15:48:58","guid":{"rendered":"http:\/\/tacambaro.gob.mx\/?p=9538"},"modified":"2020-07-20T15:54:17","modified_gmt":"2020-07-20T15:54:17","slug":"bandera-verde-podria-pasar-a-amarilla-en-el-municipio-necesario-extremar-las-medidas-preventivas-ante-el-covid-19","status":"publish","type":"post","link":"https:\/\/tacambaro.gob.mx\/?p=9538","title":{"rendered":"<h2><span style=\"color: #ffcc00;\">Bandera Verde podr\u00eda pasar a Amarilla en el Municipio, necesario extremar las medidas preventivas ante el COVID-19.  <\/span><\/h2>"},"content":{"rendered":"<p>\u2022\tDe ser as\u00ed, se tendr\u00edan que suspender varias actividades para evitar la transmisi\u00f3n del virus.<br \/>\n   El Consejo Municipal de Salud exhort\u00f3 a la poblaci\u00f3n a no relajar las medidas preventivas del virus SARS-CoV2, ya que la bandera que hasta hoy se mantiene en color verde podr\u00eda pasar a amarilla, al presentarse mayor cantidad de contagios  y por consiguiente mayor riesgo para la poblaci\u00f3n, por lo que de manera inmediata se tendr\u00edan que suspender varias actividades y cerrar de  nueva cuenta negocios no esenciales.<br \/>\n   Por tal motivo, llamaron a la poblaci\u00f3n a seguir adoptando las medidas b\u00e1sicas de prevenci\u00f3n, como el uso permanente del cubrebocas y de gel alcoholado y respetar la sana distancia, ya que aunque se ha avanzado en la concientizaci\u00f3n todav\u00eda existen personas que se mantienen en la incredulidad ante la enfermedad producida por el Coronavirus.<br \/>\n   En ese sentido, el Presidente Municipal, Ing. Salvador Barrera Medrano, reconoci\u00f3 que la responsabilidad es colectiva, sin embargo  dijo que se ha detectado gente que no tiene compromiso con este tipo de acciones, a los cuales llam\u00f3 a ser sensibles y no exponer a personas vulnerables como los adultos mayores y quienes padecen enfermedades cr\u00f3nico degenerativas.<br \/>\n   \u201cAquellas personas que se han contagiado es porque no siguieron los protocolos de seguridad, con una vida que salvemos es suficiente justificaci\u00f3n de las acciones que tomemos\u201d, dijo Chava Barrera quien admiti\u00f3 que la conciencia de la ciudadan\u00eda es indispensable para romper la cadena de contagios.<br \/>\n   Es importante mencionar que el cambio de color en la bandera en el municipio depende del incremento de contagiados, pero tambi\u00e9n de la saturaci\u00f3n de los servicios de salud. En ese sentido, se inform\u00f3 que el hospital regional Mar\u00eda Zendejas \u00fanicamente cuenta con cinco camas para enfermos de COVID-19 y un ventilador y actualmente se tienen dos pacientes internados, uno del municipio de Turicato y el otro de Tac\u00e1mbaro.<br \/>\n   Por su parte, el Secretario Municipal, Virgilio Almaz\u00e1n G\u00f3mez,  inform\u00f3 de las acciones que ha estado realizando el Ayuntamiento dentro de la prevenci\u00f3n, entre ellas la entrega de caretas a comerciantes, reuni\u00f3n con las ligas de f\u00fatbol, revisi\u00f3n del tianguis dominical y bares y cantinas.<br \/>\n   Se dijo que se trabajar\u00e1 de manera coordinada entre las instituciones de salud del municipio, a efecto de tener la informaci\u00f3n oportuna y adecuada, sobre todo para implementar los cercos epidemiol\u00f3gicos y evitar ser contagiados cuando fallece una persona por COVID  en casa y que las familias pueden desconocer el protocolo a seguir para evitar ser contagiados.<br \/>\n    En la reuni\u00f3n, que se efectu\u00f3 dentro del Plan de Atenci\u00f3n Transversal para la Salud y el Empleo, estuvo presente la Titular de la Comisi\u00f3n Estatal de Protecci\u00f3n Contra Riesgos Sanitarios (COEPRIS), Zoren Bucio Dorismond, quien inform\u00f3 que contin\u00faan suspendidas las actividades como  velorios y sepelios masivos, conciertos, marchas y manifestaciones, fiestas patronales y ferias de las comunidades, por mencionar algunas.<\/p>\n","protected":false},"excerpt":{"rendered":"<p>\u2022 De ser as\u00ed, se tendr\u00edan que suspender varias actividades para evitar la transmisi\u00f3n del virus. El Consejo Municipal de Salud exhort\u00f3 a la poblaci\u00f3n a no relajar las medidas preventivas del virus SARS-CoV2, ya que la bandera que hasta hoy se mantiene en color verde podr\u00eda pasar a amarilla, al presentarse mayor cantidad de&hellip;<\/p>\n","protected":false},"author":1,"featured_media":9539,"comment_status":"closed","ping_status":"closed","sticky":false,"template":"","format":"standard","meta":{"om_disable_all_campaigns":false,"_monsterinsights_skip_tracking":false,"_monsterinsights_sitenote_active":false,"_monsterinsights_sitenote_note":"","_monsterinsights_sitenote_category":0,"footnotes":""},"categories":[1],"tags":[],"class_list":["post-9538","post","type-post","status-publish","format-standard","has-post-thumbnail","hentry","category-uncategorized"],"aioseo_notices":[],"rttpg_featured_image_url":{"full":["https:\/\/tacambaro.gob.mx\/wp-content\/uploads\/2020\/07\/IMG_4023-1-scaled.jpg",2560,1707,false],"landscape":["https:\/\/tacambaro.gob.mx\/wp-content\/uploads\/2020\/07\/IMG_4023-1-scaled.jpg",2560,1707,false],"portraits":["https:\/\/tacambaro.gob.mx\/wp-content\/uploads\/2020\/07\/IMG_4023-1-scaled.jpg",2560,1707,false],"thumbnail":["https:\/\/tacambaro.gob.mx\/wp-content\/uploads\/2020\/07\/IMG_4023-1-150x150.jpg",150,150,true],"medium":["https:\/\/tacambaro.gob.mx\/wp-content\/uploads\/2020\/07\/IMG_4023-1-300x200.jpg",300,200,true],"large":["https:\/\/tacambaro.gob.mx\/wp-content\/uploads\/2020\/07\/IMG_4023-1-1024x683.jpg",1024,683,true],"1536x1536":["https:\/\/tacambaro.gob.mx\/wp-content\/uploads\/2020\/07\/IMG_4023-1-1536x1024.jpg",1536,1024,true],"2048x2048":["https:\/\/tacambaro.gob.mx\/wp-content\/uploads\/2020\/07\/IMG_4023-1-2048x1365.jpg",2048,1365,true],"post-thumbnail":["https:\/\/tacambaro.gob.mx\/wp-content\/uploads\/2020\/07\/IMG_4023-1-300x300.jpg",300,300,true],"futurio-single":["https:\/\/tacambaro.gob.mx\/wp-content\/uploads\/2020\/07\/IMG_4023-1-4x4.jpg",3,3,true],"futurio-med":["https:\/\/tacambaro.gob.mx\/wp-content\/uploads\/2020\/07\/IMG_4023-1-20x305.jpg",20,305,true],"futurio-thumbnail":["https:\/\/tacambaro.gob.mx\/wp-content\/uploads\/2020\/07\/IMG_4023-1-160x120.jpg",160,120,true]},"rttpg_author":{"display_name":"H. AYUNTAMIENTO DE TACAMBARO","author_link":"https:\/\/tacambaro.gob.mx\/?author=1"},"rttpg_comment":0,"rttpg_category":"<a href=\"https:\/\/tacambaro.gob.mx\/?cat=1\" rel=\"category\">Otras<\/a>","rttpg_excerpt":"\u2022 De ser as\u00ed, se tendr\u00edan que suspender varias actividades para evitar la transmisi\u00f3n del virus. El Consejo Municipal de Salud exhort\u00f3 a la poblaci\u00f3n a no relajar las medidas preventivas del virus SARS-CoV2, ya que la bandera que hasta hoy se mantiene en color verde podr\u00eda pasar a amarilla, al presentarse mayor cantidad de&hellip;","_links":{"self":[{"href":"https:\/\/tacambaro.gob.mx\/index.php?rest_route=\/wp\/v2\/posts\/9538","targetHints":{"allow":["GET"]}}],"collection":[{"href":"https:\/\/tacambaro.gob.mx\/index.php?rest_route=\/wp\/v2\/posts"}],"about":[{"href":"https:\/\/tacambaro.gob.mx\/index.php?rest_route=\/wp\/v2\/types\/post"}],"author":[{"embeddable":true,"href":"https:\/\/tacambaro.gob.mx\/index.php?rest_route=\/wp\/v2\/users\/1"}],"replies":[{"embeddable":true,"href":"https:\/\/tacambaro.gob.mx\/index.php?rest_route=%2Fwp%2Fv2%2Fcomments&post=9538"}],"version-history":[{"count":1,"href":"https:\/\/tacambaro.gob.mx\/index.php?rest_route=\/wp\/v2\/posts\/9538\/revisions"}],"predecessor-version":[{"id":9540,"href":"https:\/\/tacambaro.gob.mx\/index.php?rest_route=\/wp\/v2\/posts\/9538\/revisions\/9540"}],"wp:featuredmedia":[{"embeddable":true,"href":"https:\/\/tacambaro.gob.mx\/index.php?rest_route=\/wp\/v2\/media\/9539"}],"wp:attachment":[{"href":"https:\/\/tacambaro.gob.mx\/index.php?rest_route=%2Fwp%2Fv2%2Fmedia&parent=9538"}],"wp:term":[{"taxonomy":"category","embeddable":true,"href":"https:\/\/tacambaro.gob.mx\/index.php?rest_route=%2Fwp%2Fv2%2Fcategories&post=9538"},{"taxonomy":"post_tag","embeddable":true,"href":"https:\/\/tacambaro.gob.mx\/index.php?rest_route=%2Fwp%2Fv2%2Ftags&post=9538"}],"curies":[{"name":"wp","href":"https:\/\/api.w.org\/{rel}","templated":true}]}}